{"id":129239,"date":"2021-10-06T15:56:34","date_gmt":"2021-10-06T19:56:34","guid":{"rendered":"https:\/\/linitiative.ca\/International\/kristalina-georgieva-linflation-persisterait-dans-certains-pays-emergents-et-en-developpement\/"},"modified":"2021-10-06T15:56:34","modified_gmt":"2021-10-06T19:56:34","slug":"kristalina-georgieva-linflation-persisterait-dans-certains-pays-emergents-et-en-developpement","status":"publish","type":"post","link":"https:\/\/linitiative.ca\/International\/kristalina-georgieva-linflation-persisterait-dans-certains-pays-emergents-et-en-developpement\/","title":{"rendered":"Kristalina Georgieva : l\u2019inflation persisterait dans certains pays \u00e9mergents et en d\u00e9veloppement"},"content":{"rendered":"<div>\n<p>Kristalina Georgieva, la Directrice G\u00e9n\u00e9rale du Fonds Mon\u00e9taire International (FMI) a d\u00e9clar\u00e9 hier mardi 6 octobre 2021 lors de son discours \u00e0 l\u2019universit\u00e9 de Bocconi \u00e0 Milan au forum Think 20 (T20), o\u00f9 sont discut\u00e9s les d\u00e9fis du G20 avant les r\u00e9unions d\u2019automne du Fonds mon\u00e9taire international (FMI) et de la Banque mondiale que les [\u2026]<\/p>\n<p>L\u2019article <a href=\"https:\/\/www.tunisienumerique.com\/kristalina-georgieva-linflation-persisterait-dans-certains-pays-emergents-et-en-developpement\/\">Kristalina Georgieva : l\u2019inflation persisterait dans certains pays \u00e9mergents et en d\u00e9veloppement<\/a> est apparu en premier sur <a href=\"https:\/\/www.tunisienumerique.com\/\">Tunisie<\/a>.<\/p>\n<\/div>\n<p>Auteur: Mohamed Ben Abderrazek<br \/>\n<a href=\"https:\/\/www.tunisienumerique.com\/kristalina-georgieva-linflation-persisterait-dans-certains-pays-emergents-et-en-developpement\/\">Cliquez ici pour lire l&rsquo;article depuis sa source.<\/a><\/p>\n","protected":false},"excerpt":{"rendered":"<p>Kristalina Georgieva, la Directrice G\u00e9n\u00e9rale du Fonds Mon\u00e9taire International (FMI) a d\u00e9clar\u00e9 hier mardi 6 octobre 2021 lors de son discours \u00e0 l\u2019universit\u00e9 de Bocconi \u00e0 Milan au forum Think 20 (T20), o\u00f9 sont discut\u00e9s les d\u00e9fis du G20 avant les r\u00e9unions d\u2019automne du Fonds mon\u00e9taire international (FMI) et de la Banque mondiale que les [&hellip;]<\/p>\n","protected":false},"author":1789,"featured_media":0,"comment_status":"closed","ping_status":"closed","sticky":false,"template":"","format":"standard","meta":{"fifu_image_url":"","fifu_image_alt":"","footnotes":""},"categories":[73,55],"tags":[],"class_list":["post-129239","post","type-post","status-publish","format-standard","hentry","category-actualite","category-tunisie"],"_links":{"self":[{"href":"https:\/\/linitiative.ca\/International\/wp-json\/wp\/v2\/posts\/129239","targetHints":{"allow":["GET"]}}],"collection":[{"href":"https:\/\/linitiative.ca\/International\/wp-json\/wp\/v2\/posts"}],"about":[{"href":"https:\/\/linitiative.ca\/International\/wp-json\/wp\/v2\/types\/post"}],"author":[{"embeddable":true,"href":"https:\/\/linitiative.ca\/International\/wp-json\/wp\/v2\/users\/1789"}],"replies":[{"embeddable":true,"href":"https:\/\/linitiative.ca\/International\/wp-json\/wp\/v2\/comments?post=129239"}],"version-history":[{"count":0,"href":"https:\/\/linitiative.ca\/International\/wp-json\/wp\/v2\/posts\/129239\/revisions"}],"wp:attachment":[{"href":"https:\/\/linitiative.ca\/International\/wp-json\/wp\/v2\/media?parent=129239"}],"wp:term":[{"taxonomy":"category","embeddable":true,"href":"https:\/\/linitiative.ca\/International\/wp-json\/wp\/v2\/categories?post=129239"},{"taxonomy":"post_tag","embeddable":true,"href":"https:\/\/linitiative.ca\/International\/wp-json\/wp\/v2\/tags?post=129239"}],"curies":[{"name":"wp","href":"https:\/\/api.w.org\/{rel}","templated":true}]}}