{"id":129243,"date":"2021-10-06T15:34:55","date_gmt":"2021-10-06T19:34:55","guid":{"rendered":"https:\/\/linitiative.ca\/International\/sommet-afrique-france-de-montpellier\/"},"modified":"2021-10-06T15:34:55","modified_gmt":"2021-10-06T19:34:55","slug":"sommet-afrique-france-de-montpellier","status":"publish","type":"post","link":"https:\/\/linitiative.ca\/International\/sommet-afrique-france-de-montpellier\/","title":{"rendered":"SOMMET AFRIQUE-FRANCE DE MONTPELLIER"},"content":{"rendered":"<div>\n<p><img decoding=\"async\" width=\"640\" height=\"638\" src=\"https:\/\/linitiative.ca\/International\/wp-content\/uploads\/sites\/23\/2021\/10\/SOMMET.jpg\" class=\"attachment- size- wp-post-image\" alt=\"\" loading=\"lazy\" style=\"float:left; margin:0 15px 15px 0;\" srcset=\"https:\/\/linitiative.ca\/International\/wp-content\/uploads\/sites\/23\/2021\/10\/SOMMET.jpg 640w, https:\/\/lepays.bf\/wp-content\/uploads\/2021\/10\/SOMMET-300x300.jpg 300w, https:\/\/lepays.bf\/wp-content\/uploads\/2021\/10\/SOMMET-150x150.jpg 150w\" sizes=\"auto, (max-width: 640px) 100vw, 640px\">Demain vendredi 8 octobre 2021, se tient, \u00e0 Montpellier en France, un sommet Afrique-France au format inhabituel. En effet, en lieu et place des t\u00eates couronn\u00e9es du continent africain, ce sont des repr\u00e9sentants de la soci\u00e9t\u00e9 civile des 54 pays du continent noir, qui seront les h\u00f4tes du pr\u00e9sident fran\u00e7ais. Pour un sommet qui sort \u2026<\/p>\n<p>L\u2019article <a rel=\"nofollow\" href=\"https:\/\/lepays.bf\/sommet-afrique-france-de-montpellier\/\">SOMMET AFRIQUE-FRANCE DE MONTPELLIER<\/a> est apparu en premier sur <a rel=\"nofollow\" href=\"https:\/\/lepays.bf\/\">Editions Le Pays<\/a>.<\/p>\n<\/div>\n<p>Auteur: Editions LEPAYS<br \/>\n<a href=\"https:\/\/lepays.bf\/sommet-afrique-france-de-montpellier\/\">Cliquez ici pour lire l&rsquo;article depuis sa source.<\/a><\/p>\n","protected":false},"excerpt":{"rendered":"<p>Demain vendredi 8 octobre 2021, se tient, \u00e0 Montpellier en France, un sommet Afrique-France au format inhabituel. En effet, en lieu et place des t\u00eates couronn\u00e9es du continent africain, ce sont des repr\u00e9sentants de la soci\u00e9t\u00e9 civile des 54 pays du continent noir, qui seront les h\u00f4tes du pr\u00e9sident fran\u00e7ais. Pour un sommet qui sort [&hellip;]<\/p>\n","protected":false},"author":1813,"featured_media":0,"comment_status":"closed","ping_status":"closed","sticky":false,"template":"","format":"standard","meta":{"fifu_image_url":"https:\/\/lepays.bf\/wp-content\/uploads\/2021\/10\/SOMMET.jpg","fifu_image_alt":"SOMMET AFRIQUE-FRANCE DE MONTPELLIER","footnotes":""},"categories":[73,81],"tags":[],"class_list":["post-129243","post","type-post","status-publish","format-standard","hentry","category-actualite","category-burkina-faso"],"_links":{"self":[{"href":"https:\/\/linitiative.ca\/International\/wp-json\/wp\/v2\/posts\/129243","targetHints":{"allow":["GET"]}}],"collection":[{"href":"https:\/\/linitiative.ca\/International\/wp-json\/wp\/v2\/posts"}],"about":[{"href":"https:\/\/linitiative.ca\/International\/wp-json\/wp\/v2\/types\/post"}],"author":[{"embeddable":true,"href":"https:\/\/linitiative.ca\/International\/wp-json\/wp\/v2\/users\/1813"}],"replies":[{"embeddable":true,"href":"https:\/\/linitiative.ca\/International\/wp-json\/wp\/v2\/comments?post=129243"}],"version-history":[{"count":0,"href":"https:\/\/linitiative.ca\/International\/wp-json\/wp\/v2\/posts\/129243\/revisions"}],"wp:attachment":[{"href":"https:\/\/linitiative.ca\/International\/wp-json\/wp\/v2\/media?parent=129243"}],"wp:term":[{"taxonomy":"category","embeddable":true,"href":"https:\/\/linitiative.ca\/International\/wp-json\/wp\/v2\/categories?post=129243"},{"taxonomy":"post_tag","embeddable":true,"href":"https:\/\/linitiative.ca\/International\/wp-json\/wp\/v2\/tags?post=129243"}],"curies":[{"name":"wp","href":"https:\/\/api.w.org\/{rel}","templated":true}]}}