{"id":129253,"date":"2021-10-06T17:11:19","date_gmt":"2021-10-06T21:11:19","guid":{"rendered":"https:\/\/linitiative.ca\/International\/acces-universel-a-la-sante-litalie-apporte-son-soutien-au-burkina\/"},"modified":"2021-10-06T17:11:19","modified_gmt":"2021-10-06T21:11:19","slug":"acces-universel-a-la-sante-litalie-apporte-son-soutien-au-burkina","status":"publish","type":"post","link":"https:\/\/linitiative.ca\/International\/acces-universel-a-la-sante-litalie-apporte-son-soutien-au-burkina\/","title":{"rendered":"Acc\u00e8s universel \u00e0 la sant\u00e9  : l\u2019Italie apporte son soutien  au Burkina"},"content":{"rendered":"<div>\n<p><strong>La signature d\u2019un protocole d\u2019accord pour le financement du projet \u00ab\u00a0Soutien au syst\u00e8me sanitaire du Burkina Faso pour l\u2019acc\u00e8s universel \u00e0 la sant\u00e9\u00a0\u00bb au profit du minist\u00e8re de la Sant\u00e9 et de l\u2019h\u00f4pital Saint Camille a eu lieu, le mardi 5 octobre 2021, \u00e0 Ouagadougou.<\/strong><\/p>\n<p>Contribuer \u00e0 am\u00e9liorer l\u2019offre de soins de sant\u00e9 aux populations par la r\u00e9duction du poids des maladies non transmissibles est l\u2019id\u00e9e qui a pr\u00e9valu \u00e0 l\u2019initiation du projet \u00ab\u00a0Soutien au syst\u00e8me sanitaire du Burkina Faso pour l\u2019acc\u00e8s universel \u00e0 la sant\u00e9\u00a0\u00bb par le minist\u00e8re de la Sant\u00e9. En effet, l\u2019ambassadeur d\u2019Italie au Burkina Faso et la repr\u00e9sentante r\u00e9sidente de l\u2019Organisation mondiale de la sant\u00e9 (OMS) ont proc\u00e9d\u00e9 \u00e0 la signature d\u2019un protocole d\u2019accord pour le financement dudit projet, le mardi 5 octobre 2021, \u00e0 Ouagadougou en pr\u00e9sence du ministre de la Sant\u00e9, ses collaborateurs et les repr\u00e9sentants de l\u2019h\u00f4pital Saint-Camille. D\u2019un co\u00fbt total de 1 milliard 600 000 000 millions F CFA, ce protocole prend en compte deux volets du projet.<\/p>\n<p>Le premier financement du projet d\u2019une valeur de 1 400 000 000 F CFA vise \u00e0 soutenir le programme de lutte contre les maladies non transmissibles et renforcer le plateau technique de l\u2019h\u00f4pital Saint-Camille. Le second financement d\u2019environ 200 millions F CFA concerne l\u2019acquisition de 397 500 doses de vaccin contre la rougeole et la rub\u00e9ole, 800 seringues et 500 boites de s\u00e9curit\u00e9. Pour l\u2019ambassadeur de la R\u00e9publique d\u2019Italie au Burkina, son excellence, Andr\u00e9a Romussi, le financement du projet \u00ab\u00a0Soutien au syst\u00e8me sanitaire du Burkina Faso pour l\u2019acc\u00e8s universel \u00e0 la sant\u00e9\u00a0\u00bb est la preuve des bonnes relations d\u2019amiti\u00e9 et de coop\u00e9ration entre son pays et le pays des Hommes int\u00e8gres. Par le premier financement, les r\u00e9gions du Centre, du Nord et du Centre-Nord vont b\u00e9n\u00e9ficier de la r\u00e9duction des maladies non transmissibles. Quant au second financement, il permettra l\u2019acquisition de 397 500 doses de vaccin contre la rougeole et la rub\u00e9ole pour renforcer le stock de s\u00e9curit\u00e9 vaccinale du pays, a pr\u00e9cis\u00e9 le Directeur du bureau r\u00e9gional de l\u2019Agence italienne pour la coop\u00e9ration au d\u00e9veloppement, Domenico Bruzzone.<\/p>\n<p>Le ministre de la Sant\u00e9, le Pr Charlemagne Ou\u00e9draogo a traduit, pour sa part, la gratitude du gouvernement burkinab\u00e8 \u00e0 la R\u00e9publique d\u2019Italie. \u00ab Ce projet qui est pr\u00e9vu durer 12 mois de octobre 2021 \u00e0 octobre 2022 va contribuer \u00e0 am\u00e9liorer l\u2019offre de soins de sant\u00e9 dans les r\u00e9gions- cibles. Et l\u2019h\u00f4pital Saint-Camille va aussi b\u00e9n\u00e9ficier de renforcement de son plateau technique \u00bb, a confi\u00e9 le Pr Ou\u00e9draogo. Quant \u00e0 la repr\u00e9sentante- r\u00e9sidente de l\u2019OMS au Burkina Faso, Dr Diarra-Nama, elle s\u2019est r\u00e9jouie de la marque de confiance port\u00e9e \u00e0 l\u2019endroit de l\u2019OMS avant de rassurer que l\u2019institution qu\u2019elle repr\u00e9sente apportera le soutien technique n\u00e9cessaire pour la r\u00e9ussite de ce projet. Apr\u00e8s les signatures et l\u2019\u00e9change des parapheurs, le diplomate Italien, Andr\u00e9a Romussi, a proc\u00e9d\u00e9 \u00e0 la remise symbolique des doses de vaccins \u00e0 la repr\u00e9sentante-r\u00e9sidente de l\u2019OMS, Dr Diarra-Nama qui, \u00e0 son tour, les a remis au ministre de la Sant\u00e9, le Pr Charlemagne Ou\u00e9draogo. \u00ab Dans le cadre de ce projet l\u2019h\u00f4pital Saint-Camille se modernise davantage pour am\u00e9liorer l\u2019offre de soins de sant\u00e9 aux populations. En plus, nous allons renforcer notre stock de s\u00e9curit\u00e9 afin de parer \u00e0 toute \u00e9ventualit\u00e9 \u00bb a d\u00e9clar\u00e9 le ministre de la Sant\u00e9, le Pr Charlemagne Ou\u00e9draogo.<\/p>\n<p style=\"text-align: right\"><strong>Emmanuel BICABA <\/strong><\/p>\n<p>L\u2019article <a rel=\"nofollow\" href=\"https:\/\/www.sidwaya.info\/blog\/2021\/10\/06\/acces-universel-a-la-sante-litalie-apporte-son-soutien-au-burkina\/\">Acc\u00e8s universel \u00e0 la sant\u00e9  : l\u2019Italie apporte son soutien  au Burkina<\/a> est apparu en premier sur <a rel=\"nofollow\" href=\"https:\/\/www.sidwaya.info\/\">Quotidien Sidwaya<\/a>.<\/p>\n<\/div>\n<p>Auteur: BM. Sidwaya<br \/>\n<a href=\"https:\/\/www.sidwaya.info\/blog\/2021\/10\/06\/acces-universel-a-la-sante-litalie-apporte-son-soutien-au-burkina\/\">Cliquez ici pour lire l&rsquo;article depuis sa source.<\/a><\/p>\n","protected":false},"excerpt":{"rendered":"<p>La signature d\u2019un protocole d\u2019accord pour le financement du projet \u00ab\u00a0Soutien au syst\u00e8me sanitaire du Burkina Faso pour l\u2019acc\u00e8s universel \u00e0 la sant\u00e9\u00a0\u00bb au profit du minist\u00e8re de la Sant\u00e9 et de l\u2019h\u00f4pital Saint Camille a eu lieu, le mardi 5 octobre 2021, \u00e0 Ouagadougou. Contribuer \u00e0 am\u00e9liorer l\u2019offre de soins de sant\u00e9 aux populations [&hellip;]<\/p>\n","protected":false},"author":1816,"featured_media":0,"comment_status":"closed","ping_status":"closed","sticky":false,"template":"","format":"standard","meta":{"fifu_image_url":"","fifu_image_alt":"","footnotes":""},"categories":[73,81],"tags":[],"class_list":["post-129253","post","type-post","status-publish","format-standard","hentry","category-actualite","category-burkina-faso"],"_links":{"self":[{"href":"https:\/\/linitiative.ca\/International\/wp-json\/wp\/v2\/posts\/129253","targetHints":{"allow":["GET"]}}],"collection":[{"href":"https:\/\/linitiative.ca\/International\/wp-json\/wp\/v2\/posts"}],"about":[{"href":"https:\/\/linitiative.ca\/International\/wp-json\/wp\/v2\/types\/post"}],"author":[{"embeddable":true,"href":"https:\/\/linitiative.ca\/International\/wp-json\/wp\/v2\/users\/1816"}],"replies":[{"embeddable":true,"href":"https:\/\/linitiative.ca\/International\/wp-json\/wp\/v2\/comments?post=129253"}],"version-history":[{"count":0,"href":"https:\/\/linitiative.ca\/International\/wp-json\/wp\/v2\/posts\/129253\/revisions"}],"wp:attachment":[{"href":"https:\/\/linitiative.ca\/International\/wp-json\/wp\/v2\/media?parent=129253"}],"wp:term":[{"taxonomy":"category","embeddable":true,"href":"https:\/\/linitiative.ca\/International\/wp-json\/wp\/v2\/categories?post=129253"},{"taxonomy":"post_tag","embeddable":true,"href":"https:\/\/linitiative.ca\/International\/wp-json\/wp\/v2\/tags?post=129253"}],"curies":[{"name":"wp","href":"https:\/\/api.w.org\/{rel}","templated":true}]}}