{"id":129255,"date":"2021-10-06T13:18:01","date_gmt":"2021-10-06T17:18:01","guid":{"rendered":"https:\/\/linitiative.ca\/International\/cyril-ramaphosa-en-visite-a-abidjan-dans-la-1ere-semaine-de-decembre-2021-officiel\/"},"modified":"2021-10-06T13:18:01","modified_gmt":"2021-10-06T17:18:01","slug":"cyril-ramaphosa-en-visite-a-abidjan-dans-la-1ere-semaine-de-decembre-2021-officiel","status":"publish","type":"post","link":"https:\/\/linitiative.ca\/International\/cyril-ramaphosa-en-visite-a-abidjan-dans-la-1ere-semaine-de-decembre-2021-officiel\/","title":{"rendered":"Cyril Ramaphosa en visite \u00e0 Abidjan dans \u00ab\u00a0la 1\u00e8re semaine de d\u00e9cembre 2021\u00a0\u00bb (officiel)"},"content":{"rendered":"<div>\n<p><img loading=\"lazy\" decoding=\"async\" width=\"512\" height=\"331\" src=\"https:\/\/linitiative.ca\/International\/wp-content\/uploads\/sites\/23\/2021\/10\/16335406815080.jpg\" class=\"attachment-post-thumbnail size-post-thumbnail wp-post-image\" alt=\"\" srcset=\"https:\/\/linitiative.ca\/International\/wp-content\/uploads\/sites\/23\/2021\/10\/16335406815080.jpg 512w, https:\/\/www.journalducameroun.com\/wp-content\/uploads\/2021\/10\/16335406815080-300x194.jpg 300w\" sizes=\"auto, (max-width: 512px) 100vw, 512px\"><\/p>\n<p>Le pr\u00e9sident sud-africain, Cyril Ramaphosa, est attendu \u00e0 Abidjan dans \u00ab\u00a0la premi\u00e8re semaine de d\u00e9cembre 2021\u00a0\u00bb dans le cadre d&rsquo;une visite officielle, a annonc\u00e9 mercredi le porte-parole du gouvernement ivoirien, Amadou Coulibaly.<\/p>\n<p>Cette visite du pr\u00e9sident sud-africain, Cyril Ramaphosa, est pr\u00e9vue \u00ab\u00a0pour la premi\u00e8re semaine du mois de d\u00e9cembre 2021\u00a0\u00bb, a indiqu\u00e9 \u00e0 la presse le porte-parole du gouvernement ivoirien, Amadou Coulibaly, \u00e0 l&rsquo;issue d&rsquo;un Conseil des ministres.\u00a0<\/p>\n<p>En pr\u00e9lude \u00e0 cette visite, se tiendra la premi\u00e8re session de la grande Commission mixte de coop\u00e9ration ivoiro-sud africaine, pr\u00e9vue les 14, 15 et 16 octobre 2021 \u00e0 Abidjan, dans la capitale \u00e9conomique ivoirienne.\u00a0<\/p>\n<p>\u00ab\u00a0Ce sera l&rsquo;occasion pour les deux \u00c9tats de faire le bilan de leur coop\u00e9ration et d&rsquo;explorer de nouvelles perspectives susceptibles, de r\u00e9activer et de renforcer cette coop\u00e9ration\u00a0\u00bb, a soulign\u00e9 le porte-parole du gouvernement ivoirien.\u00a0<\/p>\n<p>Cet article <a rel=\"nofollow\" href=\"https:\/\/www.journalducameroun.com\/cyril-ramaphosa-en-visite-a-abidjan-dans-la-1ere-semaine-de-decembre-2021-officiel\/\">Cyril Ramaphosa en visite \u00e0 Abidjan dans \u00ab\u00a0la 1\u00e8re semaine de d\u00e9cembre 2021\u00a0\u00bb (officiel)<\/a> est apparu en premier sur <a rel=\"nofollow\" href=\"https:\/\/www.journalducameroun.com\/\">Journal du Cameroun<\/a>.<\/p>\n<\/div>\n<p>Auteur: APA News<br \/>\n<a href=\"https:\/\/www.journalducameroun.com\/cyril-ramaphosa-en-visite-a-abidjan-dans-la-1ere-semaine-de-decembre-2021-officiel\/\">Cliquez ici pour lire l&rsquo;article depuis sa source.<\/a><\/p>\n","protected":false},"excerpt":{"rendered":"<p>Le pr\u00e9sident sud-africain, Cyril Ramaphosa, est attendu \u00e0 Abidjan dans \u00ab\u00a0la premi\u00e8re semaine de d\u00e9cembre 2021\u00a0\u00bb dans le cadre d&rsquo;une visite officielle, a annonc\u00e9 mercredi le porte-parole du gouvernement ivoirien, Amadou Coulibaly. Cette visite du pr\u00e9sident sud-africain, Cyril Ramaphosa, est pr\u00e9vue \u00ab\u00a0pour la premi\u00e8re semaine du mois de d\u00e9cembre 2021\u00a0\u00bb, a indiqu\u00e9 \u00e0 la presse [&hellip;]<\/p>\n","protected":false},"author":1965,"featured_media":0,"comment_status":"closed","ping_status":"closed","sticky":false,"template":"","format":"standard","meta":{"fifu_image_url":"https:\/\/www.journalducameroun.com\/wp-content\/uploads\/2021\/10\/16335406815080.jpg","fifu_image_alt":"Cyril Ramaphosa en visite \u00e0 Abidjan dans \u00ab\u00a0la 1\u00e8re semaine de d\u00e9cembre 2021\u00a0\u00bb (officiel)","footnotes":""},"categories":[73,82],"tags":[],"class_list":["post-129255","post","type-post","status-publish","format-standard","hentry","category-actualite","category-cameroun"],"_links":{"self":[{"href":"https:\/\/linitiative.ca\/International\/wp-json\/wp\/v2\/posts\/129255","targetHints":{"allow":["GET"]}}],"collection":[{"href":"https:\/\/linitiative.ca\/International\/wp-json\/wp\/v2\/posts"}],"about":[{"href":"https:\/\/linitiative.ca\/International\/wp-json\/wp\/v2\/types\/post"}],"author":[{"embeddable":true,"href":"https:\/\/linitiative.ca\/International\/wp-json\/wp\/v2\/users\/1965"}],"replies":[{"embeddable":true,"href":"https:\/\/linitiative.ca\/International\/wp-json\/wp\/v2\/comments?post=129255"}],"version-history":[{"count":0,"href":"https:\/\/linitiative.ca\/International\/wp-json\/wp\/v2\/posts\/129255\/revisions"}],"wp:attachment":[{"href":"https:\/\/linitiative.ca\/International\/wp-json\/wp\/v2\/media?parent=129255"}],"wp:term":[{"taxonomy":"category","embeddable":true,"href":"https:\/\/linitiative.ca\/International\/wp-json\/wp\/v2\/categories?post=129255"},{"taxonomy":"post_tag","embeddable":true,"href":"https:\/\/linitiative.ca\/International\/wp-json\/wp\/v2\/tags?post=129255"}],"curies":[{"name":"wp","href":"https:\/\/api.w.org\/{rel}","templated":true}]}}