{"id":129257,"date":"2021-10-06T13:18:02","date_gmt":"2021-10-06T17:18:02","guid":{"rendered":"https:\/\/linitiative.ca\/International\/somaliland-lonu-denonce-lexpulsion-de-somaliens\/"},"modified":"2021-10-06T13:18:02","modified_gmt":"2021-10-06T17:18:02","slug":"somaliland-lonu-denonce-lexpulsion-de-somaliens","status":"publish","type":"post","link":"https:\/\/linitiative.ca\/International\/somaliland-lonu-denonce-lexpulsion-de-somaliens\/","title":{"rendered":"Somaliland : l\u2019ONU d\u00e9nonce l\u2019expulsion de Somaliens"},"content":{"rendered":"<div>\n<p><img loading=\"lazy\" decoding=\"async\" width=\"250\" height=\"200\" src=\"https:\/\/linitiative.ca\/International\/wp-content\/uploads\/sites\/23\/2021\/10\/16335406828126.jpg\" class=\"attachment-post-thumbnail size-post-thumbnail wp-post-image\" alt=\"\"><\/p>\n<p>La d\u00e9cision de la R\u00e9publique autoproclam\u00e9e du Somaliland est inqui\u00e9tante, selon le Bureau des Nations Unies pour la coordination des affaires humanitaires (OCHA).Le Somaliland, qui n&rsquo;est pas reconnu internationalement comme un pays ind\u00e9pendant, a expuls\u00e9 dimanche dernier des dizaines de Somaliens, affirmant qu&rsquo;ils repr\u00e9sentaient un risque s\u00e9curitaire.<\/p>\n<p>La r\u00e9gion faisait partie de la grande Somalie jusqu&rsquo;\u00e0 ce qu&rsquo;elle se d\u00e9clare ind\u00e9pendante apr\u00e8s la chute de l&rsquo;homme fort militaire Mohamed Siad Barre en 1991.<\/p>\n<p>Dans un communiqu\u00e9 condamnant les expulsions, l&rsquo;OCHA a indiqu\u00e9 qu&rsquo;au moins 1.000 Somaliens ont \u00e9t\u00e9 expuls\u00e9s du Somaliland, accusant les autorit\u00e9s du territoire autonome d&rsquo;entra\u00eener des d\u00e9placements forc\u00e9s.<\/p>\n<p>\u00ab Bon nombre des personnes expuls\u00e9es vivaient au Somaliland depuis 20 ans \u00bb, a pr\u00e9cis\u00e9 l&rsquo;OCHA, exprimant sa crainte de voir les expulsions se poursuivre.<\/p>\n<p>Cet article <a rel=\"nofollow\" href=\"https:\/\/www.journalducameroun.com\/somaliland-lonu-denonce-lexpulsion-de-somaliens\/\">Somaliland : l\u2019ONU d\u00e9nonce l\u2019expulsion de Somaliens<\/a> est apparu en premier sur <a rel=\"nofollow\" href=\"https:\/\/www.journalducameroun.com\/\">Journal du Cameroun<\/a>.<\/p>\n<\/div>\n<p>Auteur: APA News<br \/>\n<a href=\"https:\/\/www.journalducameroun.com\/somaliland-lonu-denonce-lexpulsion-de-somaliens\/\">Cliquez ici pour lire l&rsquo;article depuis sa source.<\/a><\/p>\n","protected":false},"excerpt":{"rendered":"<p>La d\u00e9cision de la R\u00e9publique autoproclam\u00e9e du Somaliland est inqui\u00e9tante, selon le Bureau des Nations Unies pour la coordination des affaires humanitaires (OCHA).Le Somaliland, qui n&rsquo;est pas reconnu internationalement comme un pays ind\u00e9pendant, a expuls\u00e9 dimanche dernier des dizaines de Somaliens, affirmant qu&rsquo;ils repr\u00e9sentaient un risque s\u00e9curitaire. La r\u00e9gion faisait partie de la grande Somalie [&hellip;]<\/p>\n","protected":false},"author":1965,"featured_media":0,"comment_status":"closed","ping_status":"closed","sticky":false,"template":"","format":"standard","meta":{"fifu_image_url":"https:\/\/www.journalducameroun.com\/wp-content\/uploads\/2021\/10\/16335406828126.jpg","fifu_image_alt":"Somaliland : l\u2019ONU d\u00e9nonce l\u2019expulsion de Somaliens","footnotes":""},"categories":[73,82],"tags":[],"class_list":["post-129257","post","type-post","status-publish","format-standard","hentry","category-actualite","category-cameroun"],"_links":{"self":[{"href":"https:\/\/linitiative.ca\/International\/wp-json\/wp\/v2\/posts\/129257","targetHints":{"allow":["GET"]}}],"collection":[{"href":"https:\/\/linitiative.ca\/International\/wp-json\/wp\/v2\/posts"}],"about":[{"href":"https:\/\/linitiative.ca\/International\/wp-json\/wp\/v2\/types\/post"}],"author":[{"embeddable":true,"href":"https:\/\/linitiative.ca\/International\/wp-json\/wp\/v2\/users\/1965"}],"replies":[{"embeddable":true,"href":"https:\/\/linitiative.ca\/International\/wp-json\/wp\/v2\/comments?post=129257"}],"version-history":[{"count":0,"href":"https:\/\/linitiative.ca\/International\/wp-json\/wp\/v2\/posts\/129257\/revisions"}],"wp:attachment":[{"href":"https:\/\/linitiative.ca\/International\/wp-json\/wp\/v2\/media?parent=129257"}],"wp:term":[{"taxonomy":"category","embeddable":true,"href":"https:\/\/linitiative.ca\/International\/wp-json\/wp\/v2\/categories?post=129257"},{"taxonomy":"post_tag","embeddable":true,"href":"https:\/\/linitiative.ca\/International\/wp-json\/wp\/v2\/tags?post=129257"}],"curies":[{"name":"wp","href":"https:\/\/api.w.org\/{rel}","templated":true}]}}