{"id":129259,"date":"2021-10-06T15:18:01","date_gmt":"2021-10-06T19:18:01","guid":{"rendered":"https:\/\/linitiative.ca\/International\/elaboration-dune-politique-nationale-de-gestion-des-frontieres-ivoiriennes\/"},"modified":"2021-10-06T15:18:01","modified_gmt":"2021-10-06T19:18:01","slug":"elaboration-dune-politique-nationale-de-gestion-des-frontieres-ivoiriennes","status":"publish","type":"post","link":"https:\/\/linitiative.ca\/International\/elaboration-dune-politique-nationale-de-gestion-des-frontieres-ivoiriennes\/","title":{"rendered":"Elaboration d\u2019une politique nationale de gestion des fronti\u00e8res ivoiriennes"},"content":{"rendered":"<div>\n<p><img loading=\"lazy\" decoding=\"async\" width=\"448\" height=\"299\" src=\"https:\/\/linitiative.ca\/International\/wp-content\/uploads\/sites\/23\/2021\/10\/16335478823507.jpg\" class=\"attachment-post-thumbnail size-post-thumbnail wp-post-image\" alt=\"\" srcset=\"https:\/\/linitiative.ca\/International\/wp-content\/uploads\/sites\/23\/2021\/10\/16335478823507.jpg 448w, https:\/\/www.journalducameroun.com\/wp-content\/uploads\/2021\/10\/16335478823507-300x200.jpg 300w\" sizes=\"auto, (max-width: 448px) 100vw, 448px\"><\/p>\n<p>Les travaux de l&rsquo;\u00e9laboration de la politique nationale de gestion int\u00e9gr\u00e9e des fronti\u00e8res de la C\u00f4te d&rsquo;Ivoire (PNGIF-CI) et son plan d&rsquo;actions ont d\u00e9marr\u00e9, mercredi \u00e0 Abidjan, par un atelier.<\/p>\n<p>A l&rsquo;ouverture de ces travaux, le pr\u00e9fet hors grade, Daouda Ouattara, repr\u00e9sentant le premier ministre Patrick Achi, pr\u00e9sident de la Commission nationale des fronti\u00e8res de la C\u00f4te d&rsquo;Ivoire, a soulign\u00e9 que \u00ab les probl\u00e9matiques \u00e0 nos fronti\u00e8res renvoient \u00e0 des enjeux essentiels dans la gouvernance de nos \u00c9tats, notamment dans la sous-r\u00e9gion ouest-africaine \u00bb.<\/p>\n<p>La politique nationale de gestion int\u00e9gr\u00e9e des fronti\u00e8res de la C\u00f4te d&rsquo;Ivoire (PNGIF-CI) a pour objectif principal de doter le pays d&rsquo;un outil de cadrage et de pilotage en mati\u00e8re de gestion des fronti\u00e8res qui constitue une dimension importante des politiques et des strat\u00e9gies de gouvernance et de d\u00e9veloppement des fronti\u00e8res du gouvernement ivoirien.<\/p>\n<p>\u00ab Ce cadre r\u00e9f\u00e9rentiel permettra donc au gouvernement ivoirien de disposer d&rsquo;un outil qui explicite sa vision et de mettre en \u0153uvre sa politique en mati\u00e8re de gestion et de d\u00e9veloppement des fronti\u00e8res terrestres, a\u00e9riennes et maritimes de notre pays. C&rsquo;est dire toute l&rsquo;attente du gouvernement ivoirien de ce processus qui d\u00e9marre aujourd&rsquo;hui \u00bb, a expliqu\u00e9 M. Ouattara.<\/p>\n<p>Poursuivant, il a exhort\u00e9 et encourag\u00e9 les diff\u00e9rents acteurs \u00e0 s&rsquo;investir avec \u00ab conscience et abn\u00e9gation dans la pr\u00e9sente mission \u00bb.<\/p>\n<p>Auparavant, le Secr\u00e9taire ex\u00e9cutif de la Commission nationale des fronti\u00e8res de la C\u00f4te d&rsquo;Ivoire, Diakalidia Konat\u00e9 a rappel\u00e9 que l&rsquo;\u00e9laboration de la politique nationale de gestion int\u00e9gr\u00e9e des fronti\u00e8res de la C\u00f4te d&rsquo;Ivoire, vise \u00e0 disposer d&rsquo;un \u00ab outil de cadrage et de pilotage en mati\u00e8re de gouvernance de nos fronti\u00e8res, en vue de permettre \u00e0 la C\u00f4te d&rsquo;Ivoire d&rsquo;aborder un nouveau virage dans l&rsquo;approche et la gestion de ses fronti\u00e8res terrestres, a\u00e9riennes et maritimes\u00bb.<\/p>\n<p>Premi\u00e8rement, il s&rsquo;agit selon lui, tout en marquant davantage la pr\u00e9sence de l&rsquo;\u00c9tat dans les \u00ab zones frontali\u00e8res de notre pays, de disposer d&rsquo;une institution capable de mettre en coh\u00e9rence les politiques et de coordonner les actions de tous les acteurs \u00e9tatiques et non \u00e9tatiques qui y interviennent afin d&rsquo;assurer la durabilit\u00e9 et la p\u00e9rennit\u00e9 de celles-ci \u00bb.<\/p>\n<p>Deuxi\u00e8mement, il s&rsquo;agit de sortir les fronti\u00e8res de leur \u00ab vuln\u00e9rabilit\u00e9 et de leur fragilit\u00e9 pour en faire des leviers essentiels de s\u00e9curisation et de d\u00e9veloppement socio-\u00e9conomique plus harmonieux dans notre pays \u00bb.<\/p>\n<p>Troisi\u00e8mement, en raison des engagements sous-r\u00e9gionaux et continentaux, notamment dans l&rsquo;espace CEDEAO qui recommandent de passer \u00ab de la CEDEAO des Nations \u00e0 la CEDEAO des Peuples \u00bb, il s&rsquo;av\u00e8re \u00ab important, aujourd&rsquo;hui, de transformer les fronti\u00e8res en des passerelles d&rsquo;int\u00e9gration de nos pays \u00bb, \u00a0a conclu M. Konat\u00e9.<\/p>\n<p>L&rsquo;\u00e9laboration de cette politique se fonde sur une approche participative qui int\u00e8gre, au plan r\u00e9gional, les orientations de l&rsquo;Union \u00e9conomique et mon\u00e9taire ouest-africaine \u00a0(UEMOA) et de la Communaut\u00e9 \u00e9conomique des Etats de l&rsquo;Afrique de l&rsquo;Ouest (CEDEAO) et au plan continental, celles de l&rsquo;Union Africaine notamment celles contenues dans la strat\u00e9gie de l&rsquo;Union africaine pour une meilleure gouvernance int\u00e9gr\u00e9e des fronti\u00e8res, le r\u00e8glement sanitaire international (RSI, 2005), etc&#8230;<\/p>\n<p>La PNGIF-CI doit tenir compte des r\u00e9alit\u00e9s politiques, s\u00e9curitaires, socio-\u00e9conomiques de la C\u00f4te d&rsquo;Ivoire ainsi que de l&rsquo;environnement socio-s\u00e9curitaire qui pr\u00e9vaut en Afrique subsaharienne. Elle vise \u00e0 renforcer la pr\u00e9sence de l&rsquo;\u00c9tat et \u00e0 am\u00e9liorer l&rsquo;offre de services publics aux populations des zones frontali\u00e8res. Pour cela, elle sera structur\u00e9e autour de plusieurs domaines prioritaires.<\/p>\n<p>Il s&rsquo;agit notamment de la pr\u00e9vention et de la r\u00e9solution des conflits, de s\u00e9curit\u00e9 des fronti\u00e8res et des espaces frontaliers, de la gestion coop\u00e9rative des fronti\u00e8res, du d\u00e9veloppement des zones frontali\u00e8res et de l&rsquo;engagement communautaire, de la mobilit\u00e9, de la migration et de la facilitation du commerce.<\/p>\n<p>Le d\u00e9veloppement des capacit\u00e9s pour la gouvernance des fronti\u00e8res, les strat\u00e9gies de mobilisation des ressources financi\u00e8res, \u00a0et le cadre institutionnel et gouvernance figurent \u00e9galement au nombre des domaines prioritaires.<\/p>\n<p>Dans le cadre de la poursuite de ces travaux d&rsquo;\u00e9laboration de la politique nationale de gestion int\u00e9gr\u00e9e des fronti\u00e8res de la C\u00f4te d&rsquo;Ivoire, quatre ateliers r\u00e9gionaux sont pr\u00e9vus du 13 au 27 octobre 2021 \u00e0 Abidjan (Sud), Abengourou (Est), Korhogo (Nord) et Man (Ouest). Les travaux d&rsquo;\u00e9laboration de cette politique nationale de gestion int\u00e9gr\u00e9e des fronti\u00e8res de C\u00f4te d&rsquo;Ivoire dureront un an.\u00a0<\/p>\n<p>Cet article <a rel=\"nofollow\" href=\"https:\/\/www.journalducameroun.com\/elaboration-dune-politique-nationale-de-gestion-des-frontieres-ivoiriennes\/\">Elaboration d\u2019une politique nationale de gestion des fronti\u00e8res ivoiriennes<\/a> est apparu en premier sur <a rel=\"nofollow\" href=\"https:\/\/www.journalducameroun.com\/\">Journal du Cameroun<\/a>.<\/p>\n<\/div>\n<p>Auteur: APA News<br \/>\n<a href=\"https:\/\/www.journalducameroun.com\/elaboration-dune-politique-nationale-de-gestion-des-frontieres-ivoiriennes\/\">Cliquez ici pour lire l&rsquo;article depuis sa source.<\/a><\/p>\n","protected":false},"excerpt":{"rendered":"<p>Les travaux de l&rsquo;\u00e9laboration de la politique nationale de gestion int\u00e9gr\u00e9e des fronti\u00e8res de la C\u00f4te d&rsquo;Ivoire (PNGIF-CI) et son plan d&rsquo;actions ont d\u00e9marr\u00e9, mercredi \u00e0 Abidjan, par un atelier. A l&rsquo;ouverture de ces travaux, le pr\u00e9fet hors grade, Daouda Ouattara, repr\u00e9sentant le premier ministre Patrick Achi, pr\u00e9sident de la Commission nationale des fronti\u00e8res de [&hellip;]<\/p>\n","protected":false},"author":1965,"featured_media":0,"comment_status":"closed","ping_status":"closed","sticky":false,"template":"","format":"standard","meta":{"fifu_image_url":"https:\/\/www.journalducameroun.com\/wp-content\/uploads\/2021\/10\/16335478823507.jpg","fifu_image_alt":"Elaboration d\u2019une politique nationale de gestion des fronti\u00e8res ivoiriennes","footnotes":""},"categories":[73,82],"tags":[],"class_list":["post-129259","post","type-post","status-publish","format-standard","hentry","category-actualite","category-cameroun"],"_links":{"self":[{"href":"https:\/\/linitiative.ca\/International\/wp-json\/wp\/v2\/posts\/129259","targetHints":{"allow":["GET"]}}],"collection":[{"href":"https:\/\/linitiative.ca\/International\/wp-json\/wp\/v2\/posts"}],"about":[{"href":"https:\/\/linitiative.ca\/International\/wp-json\/wp\/v2\/types\/post"}],"author":[{"embeddable":true,"href":"https:\/\/linitiative.ca\/International\/wp-json\/wp\/v2\/users\/1965"}],"replies":[{"embeddable":true,"href":"https:\/\/linitiative.ca\/International\/wp-json\/wp\/v2\/comments?post=129259"}],"version-history":[{"count":0,"href":"https:\/\/linitiative.ca\/International\/wp-json\/wp\/v2\/posts\/129259\/revisions"}],"wp:attachment":[{"href":"https:\/\/linitiative.ca\/International\/wp-json\/wp\/v2\/media?parent=129259"}],"wp:term":[{"taxonomy":"category","embeddable":true,"href":"https:\/\/linitiative.ca\/International\/wp-json\/wp\/v2\/categories?post=129259"},{"taxonomy":"post_tag","embeddable":true,"href":"https:\/\/linitiative.ca\/International\/wp-json\/wp\/v2\/tags?post=129259"}],"curies":[{"name":"wp","href":"https:\/\/api.w.org\/{rel}","templated":true}]}}