{"id":129261,"date":"2021-10-06T15:18:02","date_gmt":"2021-10-06T19:18:02","guid":{"rendered":"https:\/\/linitiative.ca\/International\/lafrique-subsaharienne-sort-de-la-recession-bm\/"},"modified":"2021-10-06T15:18:02","modified_gmt":"2021-10-06T19:18:02","slug":"lafrique-subsaharienne-sort-de-la-recession-bm","status":"publish","type":"post","link":"https:\/\/linitiative.ca\/International\/lafrique-subsaharienne-sort-de-la-recession-bm\/","title":{"rendered":"L\u2019Afrique subsaharienne sort de la r\u00e9cession (BM)"},"content":{"rendered":"<div>\n<p><img loading=\"lazy\" decoding=\"async\" width=\"400\" height=\"400\" src=\"https:\/\/linitiative.ca\/International\/wp-content\/uploads\/sites\/23\/2021\/10\/16335478824483.jpg\" class=\"attachment-post-thumbnail size-post-thumbnail wp-post-image\" alt=\"\" srcset=\"https:\/\/linitiative.ca\/International\/wp-content\/uploads\/sites\/23\/2021\/10\/16335478824483.jpg 400w, https:\/\/www.journalducameroun.com\/wp-content\/uploads\/2021\/10\/16335478824483-150x150.jpg 150w, https:\/\/www.journalducameroun.com\/wp-content\/uploads\/2021\/10\/16335478824483-300x300.jpg 300w, https:\/\/www.journalducameroun.com\/wp-content\/uploads\/2021\/10\/16335478824483-60x60.jpg 60w, https:\/\/www.journalducameroun.com\/wp-content\/uploads\/2021\/10\/16335478824483-100x100.jpg 100w\" sizes=\"auto, (max-width: 400px) 100vw, 400px\"><\/p>\n<p>La derni\u00e8re \u00e9dition du rapport Africa&rsquo;s Pulse, rendue publique ce mercredi, projette une croissance \u00e9conomique de la r\u00e9gion \u00e0 3,3 % \u00e0 la fin de cette ann\u00e9e.Apr\u00e8s sa premi\u00e8re r\u00e9cession depuis plus de 25 ans cons\u00e9cutive \u00e0 la Covid-19, l&rsquo;Afrique subsaharienne renoue avec la croissance. Ce rebond tient, selon l&rsquo;\u00e9tude, au prix \u00e9lev\u00e9 des mati\u00e8res premi\u00e8res, \u00e0 l&rsquo;assouplissement des mesures mises en place pour lutter contre la pand\u00e9mie et la reprise du commerce international.<\/p>\n<p>Toutefois, signale le document, cette relance reste fragile, en raison du faible taux de vaccination sur le continent, des pr\u00e9judices \u00e9conomiques prolong\u00e9s et du manque de dynamisme de la reprise.<\/p>\n<p>\u00ab Un acc\u00e8s ais\u00e9 et \u00e9quitable \u00e0 des vaccins anti-Covid-19 s\u00fbrs et efficaces est essentiel pour sauver des vies et renforcer la relance \u00e9conomique en Afrique \u00bb, explique l&rsquo;\u00e9conomiste en chef pour la r\u00e9gion Afrique \u00e0 la Banque mondiale, Albert Zeufack.<\/p>\n<p>A en croire ce dernier, \u00ab un d\u00e9ploiement plus rapide des vaccins permettrait d&rsquo;acc\u00e9l\u00e9rer la croissance r\u00e9gionale pour l&rsquo;amener \u00e0 5,1 % en 2022 et 5,4 % en 2023, l&rsquo;all\u00e8gement des mesures de confinement stimulant la consommation et l&rsquo;investissement\u00a0\u00bb.<\/p>\n<p>Par ailleurs, note le rapport, la croissance devrait avoisiner les 4 % en 2022 et 2023, accusant un retard dans la relance par rapport aux \u00e9conomies avanc\u00e9es et aux march\u00e9s \u00e9mergents. Cela \u00e9tant le reflet d&rsquo;un investissement en berne en Afrique subsaharienne.<\/p>\n<p>En outre, l&rsquo;\u00e9tude fait \u00e9tat d&rsquo;une relance \u00e9conomique h\u00e9t\u00e9rog\u00e8ne selon les pays de la r\u00e9gion. Pour ses trois principales \u00e9conomies, l&rsquo;Angola, le Nig\u00e9ria et l&rsquo;Afrique du Sud, la croissance est attendue \u00e0 respectivement 0,4 %, 2,4 % et 4,6 %.<\/p>\n<p>L&rsquo;Afrique du Sud et le Nig\u00e9ria mis \u00e0 part, le reste de l&rsquo;Afrique subsaharienne a su rebondir plus vite avec un taux de croissance de 3,6 % en 2021. Du c\u00f4t\u00e9 des \u00e9conomies ne disposant pas de ressources naturelles abondantes, comme la C\u00f4te d&rsquo;Ivoire et le Kenya, on s&rsquo;attend \u00e0 une reprise forte avec une croissance de respectivement 6,2 % et 5 %.<\/p>\n<p>De plus, le rapport souligne la tendance positive des r\u00e9formes structurelles et macro\u00e9conomiques que les pays africains ont su mettre en \u0153uvre \u00e0 l&rsquo;occasion de la crise. Plusieurs pays se sont lanc\u00e9s dans des r\u00e9formes structurelles difficiles mais n\u00e9cessaires, comme l&rsquo;unification des taux de change au Soudan, la r\u00e9forme des subventions des produits p\u00e9troliers au Nig\u00e9ria, et l&rsquo;ouverture \u00e0 la concurrence du secteur des t\u00e9l\u00e9communications en \u00c9thiopie.<\/p>\n<p>De m\u00eame, informe le document, gr\u00e2ce \u00e0 des politiques mon\u00e9taires et budg\u00e9taires prudentes, le d\u00e9ficit budg\u00e9taire r\u00e9gional, qui s&rsquo;\u00e9l\u00e8ve \u00e0 5,4 % du Produit Int\u00e9rieur Brut (PIB) en 2021, devrait baisser pour atteindre 4,5 % du PIB en 2022 et 3 % du PIB en 2023. Cependant, la rigueur budg\u00e9taire, associ\u00e9e \u00e0 une marge de man\u0153uvre limit\u00e9e, a emp\u00each\u00e9 les pays d&rsquo;Afrique d&rsquo;injecter les ressources n\u00e9cessaires au lancement d&rsquo;une politique de relance vigoureuse face \u00e0 la Covid-19.<\/p>\n<p>En plus de la mont\u00e9e de la pression budg\u00e9taire et du niveau de leurs dettes due \u00e0 la mise en \u0153uvre des mesures de relance \u00e9conomique durable et inclusive, les pays d&rsquo;Afrique subsaharienne sont confront\u00e9s \u00e0 l&rsquo;augmentation des effets du changement climatique, rappelle Africa&rsquo;s Pulse.<\/p>\n<p>Les auteurs de la recherche recommandent donc aux pays de saisir cette opportunit\u00e9 pour enclencher leurs transitions vers des mod\u00e8les \u00e9conomiques moins polluants, de la m\u00eame mani\u00e8re qu&rsquo;ils ont su saisir l&rsquo;occasion offerte par la pand\u00e9mie pour lancer des r\u00e9formes. Cette transition leur offrira des b\u00e9n\u00e9fices \u00e0 long terme, en r\u00e9duisant les al\u00e9as naturels et en cr\u00e9ant des opportunit\u00e9s de d\u00e9veloppement \u00e9conomique.<\/p>\n<p>Cet article <a rel=\"nofollow\" href=\"https:\/\/www.journalducameroun.com\/lafrique-subsaharienne-sort-de-la-recession-bm\/\">L\u2019Afrique subsaharienne sort de la r\u00e9cession (BM)<\/a> est apparu en premier sur <a rel=\"nofollow\" href=\"https:\/\/www.journalducameroun.com\/\">Journal du Cameroun<\/a>.<\/p>\n<\/div>\n<p>Auteur: APA News<br \/>\n<a href=\"https:\/\/www.journalducameroun.com\/lafrique-subsaharienne-sort-de-la-recession-bm\/\">Cliquez ici pour lire l&rsquo;article depuis sa source.<\/a><\/p>\n","protected":false},"excerpt":{"rendered":"<p>La derni\u00e8re \u00e9dition du rapport Africa&rsquo;s Pulse, rendue publique ce mercredi, projette une croissance \u00e9conomique de la r\u00e9gion \u00e0 3,3 % \u00e0 la fin de cette ann\u00e9e.Apr\u00e8s sa premi\u00e8re r\u00e9cession depuis plus de 25 ans cons\u00e9cutive \u00e0 la Covid-19, l&rsquo;Afrique subsaharienne renoue avec la croissance. Ce rebond tient, selon l&rsquo;\u00e9tude, au prix \u00e9lev\u00e9 des mati\u00e8res [&hellip;]<\/p>\n","protected":false},"author":1965,"featured_media":0,"comment_status":"closed","ping_status":"closed","sticky":false,"template":"","format":"standard","meta":{"fifu_image_url":"https:\/\/www.journalducameroun.com\/wp-content\/uploads\/2021\/10\/16335478824483.jpg","fifu_image_alt":"L\u2019Afrique subsaharienne sort de la r\u00e9cession (BM)","footnotes":""},"categories":[73,82],"tags":[],"class_list":["post-129261","post","type-post","status-publish","format-standard","hentry","category-actualite","category-cameroun"],"_links":{"self":[{"href":"https:\/\/linitiative.ca\/International\/wp-json\/wp\/v2\/posts\/129261","targetHints":{"allow":["GET"]}}],"collection":[{"href":"https:\/\/linitiative.ca\/International\/wp-json\/wp\/v2\/posts"}],"about":[{"href":"https:\/\/linitiative.ca\/International\/wp-json\/wp\/v2\/types\/post"}],"author":[{"embeddable":true,"href":"https:\/\/linitiative.ca\/International\/wp-json\/wp\/v2\/users\/1965"}],"replies":[{"embeddable":true,"href":"https:\/\/linitiative.ca\/International\/wp-json\/wp\/v2\/comments?post=129261"}],"version-history":[{"count":0,"href":"https:\/\/linitiative.ca\/International\/wp-json\/wp\/v2\/posts\/129261\/revisions"}],"wp:attachment":[{"href":"https:\/\/linitiative.ca\/International\/wp-json\/wp\/v2\/media?parent=129261"}],"wp:term":[{"taxonomy":"category","embeddable":true,"href":"https:\/\/linitiative.ca\/International\/wp-json\/wp\/v2\/categories?post=129261"},{"taxonomy":"post_tag","embeddable":true,"href":"https:\/\/linitiative.ca\/International\/wp-json\/wp\/v2\/tags?post=129261"}],"curies":[{"name":"wp","href":"https:\/\/api.w.org\/{rel}","templated":true}]}}