{"id":129265,"date":"2021-10-06T09:05:22","date_gmt":"2021-10-06T13:05:22","guid":{"rendered":"https:\/\/linitiative.ca\/International\/secteur-productif-comment-les-contentieux-judiciaires-plombent-la-competitivite-des-entreprises-camerounaises\/"},"modified":"2021-10-06T09:05:22","modified_gmt":"2021-10-06T13:05:22","slug":"secteur-productif-comment-les-contentieux-judiciaires-plombent-la-competitivite-des-entreprises-camerounaises","status":"publish","type":"post","link":"https:\/\/linitiative.ca\/International\/secteur-productif-comment-les-contentieux-judiciaires-plombent-la-competitivite-des-entreprises-camerounaises\/","title":{"rendered":"Secteur productif : comment les contentieux judiciaires plombent la comp\u00e9titivit\u00e9 des entreprises camerounaises"},"content":{"rendered":"<div>\n<p>La F\u00e9d\u00e9ration camerounaise de Football (Fecafoot) ne d\u00e9tient peut-\u00eatre pas le record national en la mati\u00e8re. Mais son exposition m\u00e9diatique lui permet aujourd\u2019hui d\u2019\u00eatre consid\u00e9r\u00e9e comme l\u2019une des associations les plus risqu\u00e9es du Cameroun. En cinq ans, (entre 2015 et 2020), la Fecafoot a d\u00e9pens\u00e9 pr\u00e8s d\u20191 milliard de FCFA (930 millions de FCFA plus exactement) dans des proc\u00e9dures judiciaires. \u00abOn ne peut pas passer tout son temps dans les pr\u00e9toires et les tribunaux alors que nous sommes un pays \u00e9mergent en football et que nous avons besoin de mettre le peu d\u2019argent que nous avons, au service du football. Je passe plus de temps \u00e0 avoir des soucis de justice que d\u2019administrer la f\u00e9d\u00e9ration et promouvoir le football. Il y a un temps pour tout, il faut que tout cela s\u2019arr\u00eate\u00bb, s\u2019\u00e9tait d\u2019ailleurs indign\u00e9 Seidou Mbombo Njoya, le Pr\u00e9sident de la Fecafoot.<\/p>\n<p><strong>Lire aussi<\/strong> : <strong><a href=\"https:\/\/ecomatin.net\/secteur-productif-200-milliards-de-prets-garantis-par-letat\/\">Secteur productif : 200 milliards de pr\u00eats garantis par l\u2019Etat<\/a><\/strong><\/p>\n<p>Bien qu\u2019elles soient loin des stades, la plupart des grandes industries camerounaises semblent avoir fait des tribunaux leurs deuxi\u00e8me terrain de jeu. Eneo, Camrail, Bollore, MTN, Orange, Afriland First Bank, Camair-Co, CBC, la Bicec, Express Union, la SABC, le PAD, sont quelques-uns de ces g\u00e9ants qui ont, \u00e0 un certain moment (et parfois continuent jusqu\u2019\u00e0 pr\u00e9sent) r\u00e9serv\u00e9 une part importante de leur strat\u00e9gie dans la gestion des contentieux.<\/p>\n<p><strong>Les patrons au tribunal<\/strong><\/p>\n<p>En un an (entre 2020 et 2021), c\u2019est pr\u00e8s d\u2019une demi-dizaine de proc\u00e8s qui sont pendants contre le PAD devant les juridictions nationales et internationales. Dans certaines plaintes, c\u2019est la personne du Directeur G\u00e9n\u00e9ral qui est incrimin\u00e9e (le cas notamment de\u00a0<strong><a href=\"https:\/\/ecomatin.net\/affaire-canabois-pad-cyrus-ngoo-va-faire-appel\/\">Cana Bois<\/a><\/strong>\u00a0o\u00f9 une premi\u00e8re condamnation de six mois d\u2019emprisonnement avec sursis a \u00e9t\u00e9 prononc\u00e9e contre Cyrus NGO\u2019O).<\/p>\n<p><strong>Lire aussi<\/strong> : <strong><a href=\"https:\/\/ecomatin.net\/secteur-productif-less-investissements-directss-etrangerss-au-cameroun-baissent-de-52-en-2020\/\">Secteur productif : les investissements directs \u00e9trangers au Cameroun baissent de 52% en 2020<\/a><\/strong><\/p>\n<p>Mais il n\u2019y a pas que dans les milieux d\u2019affaires que la probl\u00e9matique du Risk-Management se pose avec acuit\u00e9. Eglises, Organisations non-gouvernementales, d\u00e9partements minist\u00e9rielles, administrations publiques, parapubliques, et m\u00eame des Etats sont d\u00e9sormais appel\u00e9s \u00e0 la barre.<\/p>\n<p>C\u2019est le cas de l\u2019Etat du Congo, poursuivi par le\u00a0g\u00e9ant minier <strong><a href=\"https:\/\/ecomatin.net\/avima-iron-accuse-letat-congolais-de-vouloirr-spolier-son-titre-minier\/\">Avima Iron Ore Ltd<\/a><\/strong>\u00a0devant les juridictions internationales pour le paiement de 27 milliards de dollars au titre des dommages caus\u00e9s par la suspension, puis le retrait de son titre d\u2019exploitation sur le site minier d\u2019Avima.<\/p>\n<p>Qu\u2019est-ce qui justifie cette ru\u00e9e des managers vers les tribunaux ? S\u2019agit-il d\u2019un ph\u00e9nom\u00e8ne conjoncturel, ou d\u2019une r\u00e9elle crise de management ? Non, r\u00e9pond Chief Dr Jopel Ngoua-Elembe. Cet expert en Risk Management, enseignant \u00e0 l\u2019Universit\u00e9 de Douala et l\u2019Universit\u00e9 Catholique d\u2019Afrique Centrale pense qu\u2019il s\u2019agit d\u2019un ph\u00e9nom\u00e8ne qui \u00ab appelle simplement une plus grande prise de conscience, comme toute activit\u00e9 de Risk-Management d\u2019ailleurs, qui englobe l\u2019identification, l\u2019analyse et la r\u00e9ponse aux facteurs de risque juridique qui font partie de la vie d\u2019une entreprise \u00bb.<\/p>\n<p><strong>Lire aussi<\/strong> : <strong><a href=\"https:\/\/ecomatin.net\/avima-iron-accuse-letat-congolais-de-vouloirr-spolier-son-titre-minier\/\">Avima Iron accuse l\u2019Etat congolais de vouloir \u00ab spolier \u00bb son titre minier<\/a><\/strong><\/p>\n<p>Pour lui, la gestion efficace des risques juridiques \u00ab signifie qu\u2019il faut tenter de contr\u00f4ler, autant que possible, les r\u00e9sultats futurs de toutes les d\u00e9cisions prises en entreprise, en agissant de mani\u00e8re proactive plut\u00f4t que r\u00e9active \u00bb.<\/p>\n<p><strong>Pourquoi\u00a0?<\/strong><\/p>\n<p>Combien ces contentieux co\u00fbtent-ils aux entreprises ? Aucune donn\u00e9e officielle ne permet d\u2019avoir une id\u00e9e claire sur la situation au Cameroun. Pourquoi la question du risque semble-t-elle devenue si importante pour les entreprises ? Une \u00e9tude men\u00e9e en France en 2008 par l\u2019Observatoire des directions juridiques apporte des r\u00e9ponses int\u00e9ressantes. Cette \u00e9tude met en \u00e9vidence le fait que selon les directeurs juridiques, la gestion des risques juridiques se situe au premier rang des attentes de la direction g\u00e9n\u00e9rale \u00e0 leur \u00e9gard en termes de performance. Pour 40 % des responsables juridiques interrog\u00e9s, l\u2019anticipation, la gestion et la cartographie des risques juridiques repr\u00e9sentent le premier enjeu pour les prochaines ann\u00e9es (Ernst &amp; Young 2008).<\/p>\n<p>Une autre \u00e9tude r\u00e9alis\u00e9e par le cabinet Mazars en 2011 confirme cette importance des risques juridiques dans la perception des entreprises. Pour ce cabinet, les risques juridiques arrivent en t\u00eate des pr\u00e9occupations des managers.<\/p>\n<p><strong>Lire aussi<\/strong> : <strong><a href=\"https:\/\/ecomatin.net\/affaire-canabois-pad-cyrus-ngoo-va-faire-appel\/\">Affaire Canabois-PAD : Cyrus Ngo\u2019o va faire appel<\/a><\/strong><\/p>\n<p>Au Cameroun, pour g\u00e9rer les dossiers contentieux, et \u00e9viter ainsi de se retrouver dans les tribunaux, certaines administrations ont fait le pas, en cr\u00e9ant des commissions sp\u00e9cialis\u00e9es. Au Groupement interpatronal du Cameroun (Gicam) par exemple, il existe une Commission Affaires juridiques, contentieux et r\u00e9glementation. Cette instance est notamment charg\u00e9e de promouvoir les modes alternatifs de r\u00e8glement des conflits, d\u2019assurer la veille juridique, et de conseiller les instances du Gicam en mati\u00e8re juridique.<\/p>\n<p>Comme le Gicam, la Direction G\u00e9n\u00e9rale des Douanes dispose d\u2019une Commission dite d\u2019approbation des dossiers contentieux. Elle est charg\u00e9e d\u2019\u00e9tudier les plaintes des clients, mais aussi les conflits de tous genres existants entre cette administration et la client\u00e8le.\u00a0Mais ces cas restent marginaux dans l\u2019\u00e9conomie nationale.<\/p>\n<p><strong>Berty Tounoudjou<\/strong><\/p>\n<p>L\u2019article <a rel=\"nofollow\" href=\"https:\/\/ecomatin.net\/secteur-productif-comment-les-contentieux-judiciaires-plombent-la-competitivite-des-entreprises-camerounaises\/\">Secteur productif : comment les contentieux judiciaires plombent la comp\u00e9titivit\u00e9 des entreprises camerounaises<\/a> est apparu en premier sur <a rel=\"nofollow\" href=\"https:\/\/ecomatin.net\/\">EcoMatin<\/a>.<\/p>\n<\/div>\n<p>Auteur: EcoMatin<br \/>\n<a href=\"https:\/\/ecomatin.net\/secteur-productif-comment-les-contentieux-judiciaires-plombent-la-competitivite-des-entreprises-camerounaises\/\">Cliquez ici pour lire l&rsquo;article depuis sa source.<\/a><\/p>\n","protected":false},"excerpt":{"rendered":"<p>La F\u00e9d\u00e9ration camerounaise de Football (Fecafoot) ne d\u00e9tient peut-\u00eatre pas le record national en la mati\u00e8re. Mais son exposition m\u00e9diatique lui permet aujourd\u2019hui d\u2019\u00eatre consid\u00e9r\u00e9e comme l\u2019une des associations les plus risqu\u00e9es du Cameroun. En cinq ans, (entre 2015 et 2020), la Fecafoot a d\u00e9pens\u00e9 pr\u00e8s d\u20191 milliard de FCFA (930 millions de FCFA plus [&hellip;]<\/p>\n","protected":false},"author":1969,"featured_media":0,"comment_status":"closed","ping_status":"closed","sticky":false,"template":"","format":"standard","meta":{"fifu_image_url":"","fifu_image_alt":"","footnotes":""},"categories":[82,78],"tags":[],"class_list":["post-129265","post","type-post","status-publish","format-standard","hentry","category-cameroun","category-economie"],"_links":{"self":[{"href":"https:\/\/linitiative.ca\/International\/wp-json\/wp\/v2\/posts\/129265","targetHints":{"allow":["GET"]}}],"collection":[{"href":"https:\/\/linitiative.ca\/International\/wp-json\/wp\/v2\/posts"}],"about":[{"href":"https:\/\/linitiative.ca\/International\/wp-json\/wp\/v2\/types\/post"}],"author":[{"embeddable":true,"href":"https:\/\/linitiative.ca\/International\/wp-json\/wp\/v2\/users\/1969"}],"replies":[{"embeddable":true,"href":"https:\/\/linitiative.ca\/International\/wp-json\/wp\/v2\/comments?post=129265"}],"version-history":[{"count":0,"href":"https:\/\/linitiative.ca\/International\/wp-json\/wp\/v2\/posts\/129265\/revisions"}],"wp:attachment":[{"href":"https:\/\/linitiative.ca\/International\/wp-json\/wp\/v2\/media?parent=129265"}],"wp:term":[{"taxonomy":"category","embeddable":true,"href":"https:\/\/linitiative.ca\/International\/wp-json\/wp\/v2\/categories?post=129265"},{"taxonomy":"post_tag","embeddable":true,"href":"https:\/\/linitiative.ca\/International\/wp-json\/wp\/v2\/tags?post=129265"}],"curies":[{"name":"wp","href":"https:\/\/api.w.org\/{rel}","templated":true}]}}