{"id":129267,"date":"2021-10-06T10:16:04","date_gmt":"2021-10-06T14:16:04","guid":{"rendered":"https:\/\/linitiative.ca\/International\/le-cameroun-octroie-564-millions-de-fcfa-dans-la-lutte-contre-boko-haram\/"},"modified":"2021-10-06T10:16:04","modified_gmt":"2021-10-06T14:16:04","slug":"le-cameroun-octroie-564-millions-de-fcfa-dans-la-lutte-contre-boko-haram","status":"publish","type":"post","link":"https:\/\/linitiative.ca\/International\/le-cameroun-octroie-564-millions-de-fcfa-dans-la-lutte-contre-boko-haram\/","title":{"rendered":"Le Cameroun octroie 564 millions de FCFA dans la lutte contre Boko Haram"},"content":{"rendered":"<div>\n<p>Le Cameroun a accueilli les lundi 4 et mardi 5 octobre derniers, le\u00a0<strong><a href=\"https:\/\/ecomatin.net\/bassin-du-lac-tchad-le-3e-forum-des-gouverneurs-se-tiendra-du-4-au-5-octobre-2021\/\">3e Forum de la Commission du Bassin du Lac Tchad <\/a><\/strong>(CBLT), un organisme inter\u00e9tatique regroupant le Cameroun, le Nigeria, le Tchad et le Niger, tous engag\u00e9s dans la lutte contre la secte islamiste Boko Haram. Cette rencontre autour des gouverneurs de l\u2019Extr\u00eame-Nord et du Nord Cameroun, des provinces du Lac et du Hadjer Lamis au Tchad, de la r\u00e9gion de Diffa au Niger, et les Etats de Borno, d\u2019Adamawa et de Yobe au Nigeria, des repr\u00e9sentants des organismes onusiens, de l\u2019Union Africaine, ainsi que des partenaires au d\u00e9veloppement, se situait dans le cadre des contributions \u00e0 la mise en \u0153uvre de la strat\u00e9gie r\u00e9gionale de stabilisation, de rel\u00e8vement et de la r\u00e9silience des zones touch\u00e9es par la crise de Boko Haram.<\/p>\n<p><strong>Lire aussi<\/strong> : <strong><a href=\"https:\/\/ecomatin.net\/reconstruction-de-lextreme-nord-28-milliards-investis-par-le-pnud-et-la-cblt\/\">Reconstruction de l\u2019Extr\u00eame-Nord : 2,8 milliards investis par le PNUD et la CBLT<\/a><\/strong><\/p>\n<p>A l\u2019occasion, le premier ministre chef du Gouvernement, Joseph Dion Ngute, qui a pr\u00e9sid\u00e9 l\u2019ouverture de ces travaux au Palais des Congr\u00e8s de Yaound\u00e9 au nom du chef de l\u2019Etat Paul Biya, a annonc\u00e9 qu\u2019en mati\u00e8re de contributions aux efforts conjugu\u00e9s des pays membres engag\u00e9s dans cette lutte, le Cameroun allait faire une dotation suppl\u00e9mentaire de 1 million de dollars US, soit 564 millions de FCFA, en appoint aux activit\u00e9s de la CBLT. Cette contribution du Cameroun va \u00ab permettre de r\u00e9pondre aux besoins des populations affect\u00e9es, d\u2019am\u00e9liorer les conditions de vie significatives des populations environnantes, la s\u00e9curit\u00e9 et aussi de promouvoir la mise en \u0153uvre des programmes \u00e9conomiques \u00bb, a pr\u00e9cis\u00e9 Joseph Dion Ngute. Rappelons que cette enveloppe n\u2019est pas pr\u00e9lev\u00e9e dans les 1810 milliards de FCFA que le Cameroun mobilisera pour financer son\u00a0<strong><a href=\"https:\/\/ecomatin.net\/zone-sinistree-1810-milliards-de-fcfa-pour-reconstruire-la-region-de-lextreme-nord\/\">plan de reconstruction de la r\u00e9gion de l\u2019Extr\u00eame-Nord.<\/a><\/strong><\/p>\n<p><strong>Objectifs<\/strong><\/p>\n<p>L\u2019un des objectifs du forum de Yaound\u00e9, \u00e9tait donc d\u2019inciter les gouvernements, les organismes onusiens, les organisations de la soci\u00e9t\u00e9 civile, ainsi que les partenaires au d\u00e9veloppement, \u00e0 mettre la main \u00e0 la p\u00e2te et \u00e0 d\u00e9gager des soutiens multiformes pour faciliter la mise en \u0153uvre des plans territoriaux des huit r\u00e9gions du Bassin du Lac Tchad impact\u00e9es. \u00ab Malgr\u00e9 les d\u00e9fis, nous avons enregistr\u00e9 des r\u00e9alisations modestes dans l\u2019accomplissement de nos engagements de 2019. Nous avons progress\u00e9 gr\u00e2ce au soutien continu des gouvernements du BLT (Bassin du Lac Tchad), des entit\u00e9s des Nations-Unies, de l\u2019Union Africaine, des communaut\u00e9s \u00e9conomiques r\u00e9gionales et des partenaires multilat\u00e9raux et bilat\u00e9raux. En outre des contributions des organisations de la soci\u00e9t\u00e9 civile, des chefs traditionnels et religieux, des m\u00e9dias et de la force op\u00e9rationnelle interarm\u00e9es multinationale ont \u00e9t\u00e9 essentielles \u00bb, s\u2019est f\u00e9licit\u00e9 le Secr\u00e9taire ex\u00e9cutif de la CBLT et chef de mission de la Force multinationale mixte, le Nig\u00e9rian Mamman Nuhu.<\/p>\n<p>Les diff\u00e9rentes parties prenantes aux travaux ont pr\u00e9alablement \u00e9valu\u00e9 ensemble le d\u00e9veloppement humanitaire et s\u00e9curitaire dans la r\u00e9gion du Bassin du Lac Tchad, les progr\u00e8s r\u00e9alis\u00e9s dans la mise en \u0153uvre des interventions de stabilisation, et la contribution de la soci\u00e9t\u00e9 civile \u00e0 la stabilisation de la r\u00e9gion ; elles ont examin\u00e9 l\u2019\u00e9tat de la coop\u00e9ration civilo-militaire, analyser les opportunit\u00e9s et les d\u00e9fis de la coop\u00e9ration transfrontali\u00e8re, et examiner les diff\u00e9rentes options et solutions envisageables en mati\u00e8re de politique \u00e0 mener pour assurer la r\u00e9habilitation et la r\u00e9int\u00e9gration de personnes qui \u00e9taient auparavant associ\u00e9es \u00e0 Boko Haram.<\/p>\n<p><strong>Lire aussi<\/strong> : <strong><a href=\"https:\/\/ecomatin.net\/bassin-du-lac-tchad-13-milliard-pour-lautonomisation-des-femmes-et-des-jeunes\/\">Bassin du Lac Tchad : 1,3 milliard pour l\u2019autonomisation des femmes et des jeunes<\/a><\/strong><\/p>\n<p>Il importe d\u2019indiquer que depuis le d\u00e9clenchement de l\u2019insurrection de Boko Haram en 2009, la r\u00e9gion du Bassin du Lac Tchad s\u2019est efforc\u00e9e de limiter l\u2019impact des activit\u00e9s du groupe, qui se traduit par des d\u00e9placements internes et transfrontaliers massifs, la destruction du tissu social et des biens, des violations des droits, et des services publics perturb\u00e9s, ainsi que des capacit\u00e9s limit\u00e9es des institutions gouvernementales. Plus de 10 millions de personnes en sont affect\u00e9es. Des dizaines de milliers de personnes ont trouv\u00e9 la mort lors des attaques terroristes dans le BLT. Les d\u00e9placements internes et transfrontaliers sont de plus en plus nombreux. On \u00e9value \u00e0 pr\u00e8s de 2,5 millions, le nombre de personnes ayant abandonn\u00e9 leurs domiciles.<\/p>\n<p><strong>\u00ab Le d\u00e9fi majeur est celui du financement \u00bb<\/strong><\/p>\n<div class=\"wp-block-image\">\n<figure class=\"alignleft size-full is-resized\"><img loading=\"lazy\" decoding=\"async\" src=\"https:\/\/linitiative.ca\/International\/wp-content\/uploads\/sites\/23\/2021\/10\/Mamman-Nuhu.jpg\" alt=\"\" class=\"wp-image-31572\" width=\"197\" height=\"197\" srcset=\"https:\/\/linitiative.ca\/International\/wp-content\/uploads\/sites\/23\/2021\/10\/Mamman-Nuhu.jpg 400w, https:\/\/ecomatin.net\/wp-content\/uploads\/2021\/10\/Mamman-Nuhu-300x300.jpg 300w, https:\/\/ecomatin.net\/wp-content\/uploads\/2021\/10\/Mamman-Nuhu-150x150.jpg 150w\" sizes=\"auto, (max-width: 197px) 100vw, 197px\"><\/figure>\n<\/div>\n<p class=\"has-text-align-center\"><strong>Mamman Nuhu, Secr\u00e9taire ex\u00e9cutif de la CBLT<\/strong><\/p>\n<p>Il s\u2019agit de se mettre ensemble afin d\u2019identifier et d\u2019adresser les d\u00e9fis auxquels font face tous les gouverneurs. Je pense qu\u2019il n\u2019y a jamais eu un forum o\u00f9 se rencontre tous les gouverneurs. D\u2019autres se rencontraient pour la premi\u00e8re fois. C\u2019est donc l\u2019objectif central de ce forum. La premi\u00e8re rencontre, posait les bases du forum. La deuxi\u00e8me rencontre quant \u00e0 elle, mettait en place le dynamisme et les objectifs \u00e0 atteindre, notamment en termes de projets et d\u2019activit\u00e9s transfronti\u00e8res, qui ont d\u00e9j\u00e0 \u00e9t\u00e9 achemin\u00e9s \u00e0 l\u2019endroit de la commission du bassin du Lac Tchad. A la fin de ce forum des gouverneurs, nous souhaitons une collaboration plus accentu\u00e9e entre les gouverneurs, et par la m\u00eame occasion, nous souhaitons que les plan d\u2019actions territoriaux soient r\u00e9vis\u00e9s et adopt\u00e9s. Comme vous le savez chaque gouverneur a produit son plan d\u2019actions territorial bas\u00e9 sur les neufs piliers de la commission du bassin du Lac Tchad. A l\u2019issue de la pr\u00e9sentation du plan d\u2019actions territorial de chaque gouverneur, nous avons adopt\u00e9 un plan uniforme. Le d\u00e9fi majeur aujourd\u2019hui, est celui du financement. Le financement contre la guerre \u00e0 Boko Haram. Les partenaires financiers sont r\u00e9fractaires au financement des activit\u00e9s de guerre. Cependant, il y a un apport consid\u00e9rable sur le volet humanitaire. Particuli\u00e8rement de la part de l\u2019Union Europ\u00e9enne, la Grande Bretagne, l\u2019Allemagne\u2026<\/p>\n<p><strong>\u00ab Nous veillons \u00e0 ce que Boko Haram s\u2019\u00e9loigne davantage \u00bb<\/strong><\/p>\n<div class=\"wp-block-image\">\n<figure class=\"alignleft size-full is-resized\"><img loading=\"lazy\" decoding=\"async\" src=\"https:\/\/linitiative.ca\/International\/wp-content\/uploads\/sites\/23\/2021\/10\/midjiyawa-bakari.jpg\" alt=\"\" class=\"wp-image-31573\" width=\"233\" height=\"233\" srcset=\"https:\/\/linitiative.ca\/International\/wp-content\/uploads\/sites\/23\/2021\/10\/midjiyawa-bakari.jpg 402w, https:\/\/ecomatin.net\/wp-content\/uploads\/2021\/10\/midjiyawa-bakari-300x300.jpg 300w, https:\/\/ecomatin.net\/wp-content\/uploads\/2021\/10\/midjiyawa-bakari-150x150.jpg 150w\" sizes=\"auto, (max-width: 233px) 100vw, 233px\"><\/figure>\n<\/div>\n<p class=\"has-text-align-center\"><strong>Midjiyawa Bakari, Gouver-neur de l\u2019Extr\u00eame-Nord<\/strong><\/p>\n<p>La situation de la r\u00e9gion de l\u2019Extr\u00eame-Nord au plan s\u00e9curitaire se normalise davantage. Nous ne pouvons pas avoir d\u2019autres attentes que l\u2019am\u00e9lioration des conditions de vies de nos populations pour le d\u00e9veloppement durable, \u00e9tant donn\u00e9 que l\u2019ins\u00e9curit\u00e9 est d\u00e9sormais derri\u00e8re. C\u2019est en cela que nous saluons ce 3e forum, qui vient apr\u00e8s la r\u00e9union d\u2019\u00e9valuation du plan de reconstruction pr\u00e9sid\u00e9 par le premier ministre chef du gouvernement mardi pass\u00e9, sur haute instruction du chef de l\u2019Etat (\u2026), avec une cagnotte de 1810 milliards pour am\u00e9liorer les conditions de vies de ces populations. Alors, ce 3e forum vient en appui de ce que l\u2019Etat fait \u00e0 l\u2019int\u00e9rieur. Les bailleurs de fonds sont l\u00e0.<\/p>\n<p>A l\u2019issue de cette r\u00e9union, nous attendons qu\u2019ils appuient le gouvernement par rapport \u00e0 ce qui a \u00e9t\u00e9 fait parce que les d\u00e9g\u00e2ts que Boko Haram a caus\u00e9 pendant 8-10 ans sont \u00e9normes. Il va falloir tout recommencer. Gr\u00e2ce aux efforts fournis par le Cameroun, nous commen\u00e7ons \u00e0 sortir peu \u00e0 peu la t\u00eate de l\u2019eau. Pour preuve, l\u2019\u00e9cole pour l\u2019ann\u00e9e derni\u00e8re, nous avons rouvert toutes les salles de classes, et les examens et concours se sont d\u00e9roul\u00e9s dans probl\u00e8me. Je tiens \u00e0 rappeler ici que nous ne d\u00e9tenons plus la derni\u00e8re place aux examens et concours comme c\u2019\u00e9tait le cas pendant dix ans. Nous avons am\u00e9lior\u00e9 notre score ici et l\u00e0, et parfois nous sommes quatri\u00e8mes voire troisi\u00e8mes dans ces diff\u00e9rentes concours, c\u2019est positif. Les dispensaires ont \u00e9t\u00e9 rouverts dans toute la r\u00e9gion de l\u2019Extr\u00eame-Nord. Nous sommes premiers en mati\u00e8re de vaccin contre le Covid-19 ; les corridors commerciaux entre le Cameroun, le Nigeria et le Tchad ont \u00e9t\u00e9 rouverts sous ma gouverne.<\/p>\n<p>Parall\u00e8lement, nous veillons \u00e0 ce que Boko Haram s\u2019\u00e9loigne davantage. Boko Haram, avec la mort de Shekau, a \u00e9t\u00e9 remplac\u00e9 par l\u2019Etat Islamique (EI). Et l\u2019EI a chang\u00e9 de strat\u00e9gie. Ils ne s\u2019attaquent plus aux populations et \u00e0 leurs biens. Ils s\u2019attaquent plut\u00f4t \u00e0 nos bases militaires parce qu\u2019ils veulent cr\u00e9er un Etat entre le Nigeria, le Nord Cameroun et la R\u00e9publique Centrafricaine. Il faut tout faire pour mettre Boko Haram hors d\u2019\u00e9tat de nuire.<\/p>\n<p>L\u2019article <a rel=\"nofollow\" href=\"https:\/\/ecomatin.net\/le-cameroun-octroie-564-millions-s-de-fcfa-dans-la-lutte-contre-boko-haram\/\">Le Cameroun octroie 564 millions de FCFA dans la lutte contre Boko Haram<\/a> est apparu en premier sur <a rel=\"nofollow\" href=\"https:\/\/ecomatin.net\/\">EcoMatin<\/a>.<\/p>\n<\/div>\n<p>Auteur: Yannick KENNE<br \/>\n<a href=\"https:\/\/ecomatin.net\/le-cameroun-octroie-564-millions-s-de-fcfa-dans-la-lutte-contre-boko-haram\/\">Cliquez ici pour lire l&rsquo;article depuis sa source.<\/a><\/p>\n","protected":false},"excerpt":{"rendered":"<p>Le Cameroun a accueilli les lundi 4 et mardi 5 octobre derniers, le\u00a03e Forum de la Commission du Bassin du Lac Tchad (CBLT), un organisme inter\u00e9tatique regroupant le Cameroun, le Nigeria, le Tchad et le Niger, tous engag\u00e9s dans la lutte contre la secte islamiste Boko Haram. Cette rencontre autour des gouverneurs de l\u2019Extr\u00eame-Nord et [&hellip;]<\/p>\n","protected":false},"author":1969,"featured_media":0,"comment_status":"closed","ping_status":"closed","sticky":false,"template":"","format":"standard","meta":{"fifu_image_url":"https:\/\/ecomatin.net\/wp-content\/uploads\/2021\/10\/Mamman-Nuhu.jpg","fifu_image_alt":"Le Cameroun octroie 564 millions de FCFA dans la lutte contre Boko Haram","footnotes":""},"categories":[82,78],"tags":[],"class_list":["post-129267","post","type-post","status-publish","format-standard","hentry","category-cameroun","category-economie"],"_links":{"self":[{"href":"https:\/\/linitiative.ca\/International\/wp-json\/wp\/v2\/posts\/129267","targetHints":{"allow":["GET"]}}],"collection":[{"href":"https:\/\/linitiative.ca\/International\/wp-json\/wp\/v2\/posts"}],"about":[{"href":"https:\/\/linitiative.ca\/International\/wp-json\/wp\/v2\/types\/post"}],"author":[{"embeddable":true,"href":"https:\/\/linitiative.ca\/International\/wp-json\/wp\/v2\/users\/1969"}],"replies":[{"embeddable":true,"href":"https:\/\/linitiative.ca\/International\/wp-json\/wp\/v2\/comments?post=129267"}],"version-history":[{"count":0,"href":"https:\/\/linitiative.ca\/International\/wp-json\/wp\/v2\/posts\/129267\/revisions"}],"wp:attachment":[{"href":"https:\/\/linitiative.ca\/International\/wp-json\/wp\/v2\/media?parent=129267"}],"wp:term":[{"taxonomy":"category","embeddable":true,"href":"https:\/\/linitiative.ca\/International\/wp-json\/wp\/v2\/categories?post=129267"},{"taxonomy":"post_tag","embeddable":true,"href":"https:\/\/linitiative.ca\/International\/wp-json\/wp\/v2\/tags?post=129267"}],"curies":[{"name":"wp","href":"https:\/\/api.w.org\/{rel}","templated":true}]}}