{"id":129274,"date":"2021-10-07T09:03:48","date_gmt":"2021-10-07T13:03:48","guid":{"rendered":"https:\/\/linitiative.ca\/International\/parlement-la-presence-sera-reduite-a-un-nombre-limite-des-elus\/"},"modified":"2021-10-07T09:03:48","modified_gmt":"2021-10-07T13:03:48","slug":"parlement-la-presence-sera-reduite-a-un-nombre-limite-des-elus","status":"publish","type":"post","link":"https:\/\/linitiative.ca\/International\/parlement-la-presence-sera-reduite-a-un-nombre-limite-des-elus\/","title":{"rendered":"Parlement: La pr\u00e9sence sera r\u00e9duite \u00e0 un nombre limit\u00e9 des \u00e9lus"},"content":{"rendered":"<div>\n<p><img decoding=\"async\" width=\"300\" height=\"153\" src=\"https:\/\/linitiative.ca\/International\/wp-content\/uploads\/sites\/23\/2021\/10\/Parlement-Maroc-Ouverture-300x153-1.jpg\" class=\"attachment-medium size-medium wp-post-image\" alt=\"\" loading=\"lazy\" srcset=\"https:\/\/linitiative.ca\/International\/wp-content\/uploads\/sites\/23\/2021\/10\/Parlement-Maroc-Ouverture-300x153-1.jpg 300w, https:\/\/aujourdhui.ma\/wp-content\/uploads\/2021\/10\/Parlement-Maroc-Ouverture-274x140.jpg 274w, https:\/\/aujourdhui.ma\/wp-content\/uploads\/2021\/10\/Parlement-Maroc-Ouverture.jpg 746w, https:\/\/aujourdhui.ma\/wp-content\/uploads\/2021\/10\/Parlement-Maroc-Ouverture-165x84.jpg 165w, https:\/\/aujourdhui.ma\/wp-content\/uploads\/2021\/10\/Parlement-Maroc-Ouverture-702x358.jpg 702w\" sizes=\"auto, (max-width: 300px) 100vw, 300px\"><\/p>\n<p><span style=\"color: #800000; font-size: 20px;\"><strong>La pr\u00e9sence \u00e0 la s\u00e9ance d\u2019ouverture de la premi\u00e8re session de la premi\u00e8re ann\u00e9e l\u00e9gislative de la 11\u00e8me l\u00e9gislature, pr\u00e9vue vendredi, sera r\u00e9duite \u00e0 un nombre limit\u00e9 de parlementaires des partis politiques, des organisations professionnelles des employeurs et des repr\u00e9sentants des salari\u00e9s dans les deux Chambres du parlement.<\/strong><\/span><br \/>\n<span id=\"more-388494\"><\/span><\/p>\n<p>Dans un communiqu\u00e9 conjoint, les pr\u00e9sidents des Chambres des Repr\u00e9sentants et des Conseillers soulignent qu\u2019en raison du contexte sanitaire exceptionnel li\u00e9 \u00e0 la propagation de la Covid-19, aux mesures de pr\u00e9caution et de pr\u00e9vention qu\u2019il impose et au respect des mesures d\u00e9cr\u00e9t\u00e9es \u00e0 l\u2019\u00e9chelle nationale par les pouvoirs publics et appliqu\u00e9es au sein des deux institutions l\u00e9gislatives, la pr\u00e9sence \u00e0 la s\u00e9ance d\u2019ouverture sera r\u00e9duite \u00e0 un nombre limit\u00e9 de parlementaires des partis politiques, des organisations professionnelles des employeurs et des repr\u00e9sentants des salari\u00e9s dans les deux Chambres.<\/p>\n<p>Conform\u00e9ment aux dispositions de l\u2019article 65 de la Constitution, la premi\u00e8re session de la premi\u00e8re ann\u00e9e l\u00e9gislative de la 11\u00e8me l\u00e9gislature sera ouverte vendredi, rappelle la m\u00eame source, qui invite les parlementaires concern\u00e9s \u00e0 se pr\u00e9senter au si\u00e8ge du parlement \u00e0 15H00, v\u00eatus de l\u2019habit traditionnel.<\/p>\n<\/div>\n<p>Auteur: ALM<br \/>\n<a href=\"https:\/\/aujourdhui.ma\/politique\/parlement-la-presence-sera-reduite-a-un-nombre-limite-des-elus\">Cliquez ici pour lire l&rsquo;article depuis sa source.<\/a><\/p>\n","protected":false},"excerpt":{"rendered":"<p>La pr\u00e9sence \u00e0 la s\u00e9ance d\u2019ouverture de la premi\u00e8re session de la premi\u00e8re ann\u00e9e l\u00e9gislative de la 11\u00e8me l\u00e9gislature, pr\u00e9vue vendredi, sera r\u00e9duite \u00e0 un nombre limit\u00e9 de parlementaires des partis politiques, des organisations professionnelles des employeurs et des repr\u00e9sentants des salari\u00e9s dans les deux Chambres du parlement. Dans un communiqu\u00e9 conjoint, les pr\u00e9sidents des [&hellip;]<\/p>\n","protected":false},"author":1759,"featured_media":0,"comment_status":"closed","ping_status":"closed","sticky":false,"template":"","format":"standard","meta":{"fifu_image_url":"https:\/\/aujourdhui.ma\/wp-content\/uploads\/2021\/10\/Parlement-Maroc-Ouverture-300x153.jpg","fifu_image_alt":"Parlement: La pr\u00e9sence sera r\u00e9duite \u00e0 un nombre limit\u00e9 des \u00e9lus","footnotes":""},"categories":[73,54],"tags":[],"class_list":["post-129274","post","type-post","status-publish","format-standard","hentry","category-actualite","category-maroc"],"_links":{"self":[{"href":"https:\/\/linitiative.ca\/International\/wp-json\/wp\/v2\/posts\/129274","targetHints":{"allow":["GET"]}}],"collection":[{"href":"https:\/\/linitiative.ca\/International\/wp-json\/wp\/v2\/posts"}],"about":[{"href":"https:\/\/linitiative.ca\/International\/wp-json\/wp\/v2\/types\/post"}],"author":[{"embeddable":true,"href":"https:\/\/linitiative.ca\/International\/wp-json\/wp\/v2\/users\/1759"}],"replies":[{"embeddable":true,"href":"https:\/\/linitiative.ca\/International\/wp-json\/wp\/v2\/comments?post=129274"}],"version-history":[{"count":0,"href":"https:\/\/linitiative.ca\/International\/wp-json\/wp\/v2\/posts\/129274\/revisions"}],"wp:attachment":[{"href":"https:\/\/linitiative.ca\/International\/wp-json\/wp\/v2\/media?parent=129274"}],"wp:term":[{"taxonomy":"category","embeddable":true,"href":"https:\/\/linitiative.ca\/International\/wp-json\/wp\/v2\/categories?post=129274"},{"taxonomy":"post_tag","embeddable":true,"href":"https:\/\/linitiative.ca\/International\/wp-json\/wp\/v2\/tags?post=129274"}],"curies":[{"name":"wp","href":"https:\/\/api.w.org\/{rel}","templated":true}]}}