{"id":129276,"date":"2021-10-07T09:25:38","date_gmt":"2021-10-07T13:25:38","guid":{"rendered":"https:\/\/linitiative.ca\/International\/election-samedi-du-president-de-la-chambre-des-representants\/"},"modified":"2021-10-07T09:25:38","modified_gmt":"2021-10-07T13:25:38","slug":"election-samedi-du-president-de-la-chambre-des-representants","status":"publish","type":"post","link":"https:\/\/linitiative.ca\/International\/election-samedi-du-president-de-la-chambre-des-representants\/","title":{"rendered":"Election samedi du pr\u00e9sident de la Chambre des repr\u00e9sentants"},"content":{"rendered":"<div>\n<p><img decoding=\"async\" width=\"300\" height=\"153\" src=\"https:\/\/linitiative.ca\/International\/wp-content\/uploads\/sites\/23\/2021\/10\/Parlement-Maroc-300x153-1.jpg\" class=\"attachment-medium size-medium wp-post-image\" alt=\"\" loading=\"lazy\" srcset=\"https:\/\/linitiative.ca\/International\/wp-content\/uploads\/sites\/23\/2021\/10\/Parlement-Maroc-300x153-1.jpg 300w, https:\/\/aujourdhui.ma\/wp-content\/uploads\/2017\/01\/Parlement-Maroc.jpg 746w\" sizes=\"auto, (max-width: 300px) 100vw, 300px\"><\/p>\n<p><span style=\"font-size: 20px; color: #800000;\"><strong>La Chambre des repr\u00e9sentants tiendra samedi une s\u00e9ance pl\u00e9ni\u00e8re consacr\u00e9e \u00e0 l\u2019\u00e9lection du pr\u00e9sident de la Chambre.<\/strong><\/span><br \/>\n<span id=\"more-388498\"><\/span><\/p>\n<p>Dans un communiqu\u00e9 publi\u00e9 jeudi, le pr\u00e9sident du bureau provisoire de la Chambre, Abdelwahed Radi a indiqu\u00e9 que la s\u00e9ance, qui d\u00e9butera \u00e0 15h00, se tiendra conform\u00e9ment aux dispositions de l\u2019article 62 de la Constitution et de l\u2019article 21 du r\u00e8glement int\u00e9rieur de l\u2019institution l\u00e9gislative.<\/p>\n<\/div>\n<p>Auteur: ALM<br \/>\n<a href=\"https:\/\/aujourdhui.ma\/politique\/election-samedi-du-president-de-la-chambre-des-representants\">Cliquez ici pour lire l&rsquo;article depuis sa source.<\/a><\/p>\n","protected":false},"excerpt":{"rendered":"<p>La Chambre des repr\u00e9sentants tiendra samedi une s\u00e9ance pl\u00e9ni\u00e8re consacr\u00e9e \u00e0 l\u2019\u00e9lection du pr\u00e9sident de la Chambre. Dans un communiqu\u00e9 publi\u00e9 jeudi, le pr\u00e9sident du bureau provisoire de la Chambre, Abdelwahed Radi a indiqu\u00e9 que la s\u00e9ance, qui d\u00e9butera \u00e0 15h00, se tiendra conform\u00e9ment aux dispositions de l\u2019article 62 de la Constitution et de l\u2019article [&hellip;]<\/p>\n","protected":false},"author":1759,"featured_media":0,"comment_status":"closed","ping_status":"closed","sticky":false,"template":"","format":"standard","meta":{"fifu_image_url":"https:\/\/aujourdhui.ma\/wp-content\/uploads\/2017\/01\/Parlement-Maroc-300x153.jpg","fifu_image_alt":"Election samedi du pr\u00e9sident de la Chambre des repr\u00e9sentants","footnotes":""},"categories":[73,54],"tags":[],"class_list":["post-129276","post","type-post","status-publish","format-standard","hentry","category-actualite","category-maroc"],"_links":{"self":[{"href":"https:\/\/linitiative.ca\/International\/wp-json\/wp\/v2\/posts\/129276","targetHints":{"allow":["GET"]}}],"collection":[{"href":"https:\/\/linitiative.ca\/International\/wp-json\/wp\/v2\/posts"}],"about":[{"href":"https:\/\/linitiative.ca\/International\/wp-json\/wp\/v2\/types\/post"}],"author":[{"embeddable":true,"href":"https:\/\/linitiative.ca\/International\/wp-json\/wp\/v2\/users\/1759"}],"replies":[{"embeddable":true,"href":"https:\/\/linitiative.ca\/International\/wp-json\/wp\/v2\/comments?post=129276"}],"version-history":[{"count":0,"href":"https:\/\/linitiative.ca\/International\/wp-json\/wp\/v2\/posts\/129276\/revisions"}],"wp:attachment":[{"href":"https:\/\/linitiative.ca\/International\/wp-json\/wp\/v2\/media?parent=129276"}],"wp:term":[{"taxonomy":"category","embeddable":true,"href":"https:\/\/linitiative.ca\/International\/wp-json\/wp\/v2\/categories?post=129276"},{"taxonomy":"post_tag","embeddable":true,"href":"https:\/\/linitiative.ca\/International\/wp-json\/wp\/v2\/tags?post=129276"}],"curies":[{"name":"wp","href":"https:\/\/api.w.org\/{rel}","templated":true}]}}