{"id":129278,"date":"2021-10-07T11:00:28","date_gmt":"2021-10-07T15:00:28","guid":{"rendered":"https:\/\/linitiative.ca\/International\/jamal-souissi-ce-nouveau-prix-represente-beaucoup-pour-moi\/"},"modified":"2021-10-07T11:00:28","modified_gmt":"2021-10-07T15:00:28","slug":"jamal-souissi-ce-nouveau-prix-represente-beaucoup-pour-moi","status":"publish","type":"post","link":"https:\/\/linitiative.ca\/International\/jamal-souissi-ce-nouveau-prix-represente-beaucoup-pour-moi\/","title":{"rendered":"Jamal Souissi : \u00abCe nouveau prix repr\u00e9sente beaucoup pour moi\u00bb"},"content":{"rendered":"<div>\n<p><img decoding=\"async\" width=\"300\" height=\"153\" src=\"https:\/\/linitiative.ca\/International\/wp-content\/uploads\/sites\/23\/2021\/10\/3-Jamal-Souissi-300x153-1.jpg\" class=\"attachment-medium size-medium wp-post-image\" alt=\"\" loading=\"lazy\" srcset=\"https:\/\/linitiative.ca\/International\/wp-content\/uploads\/sites\/23\/2021\/10\/3-Jamal-Souissi-300x153-1.jpg 300w, https:\/\/aujourdhui.ma\/wp-content\/uploads\/2021\/10\/3-Jamal-Souissi-274x140.jpg 274w, https:\/\/aujourdhui.ma\/wp-content\/uploads\/2021\/10\/3-Jamal-Souissi.jpg 746w, https:\/\/aujourdhui.ma\/wp-content\/uploads\/2021\/10\/3-Jamal-Souissi-165x84.jpg 165w, https:\/\/aujourdhui.ma\/wp-content\/uploads\/2021\/10\/3-Jamal-Souissi-702x358.jpg 702w\" sizes=\"auto, (max-width: 300px) 100vw, 300px\"><\/p>\n<p><span style=\"color: #800000; font-size: 18px;\"><strong>Entretien avec Jamal Souissi, r\u00e9alisateur et producteur marocain<\/strong><\/span><span id=\"more-388471\"><\/span><\/p>\n<div class=\"base-box mom_box_sc_custom mom_box_sc clear\" style=\"-moz-border-radius: 5px; border-radius: 5px;background-color:#fdd8c6;\">\n<p>Dans cette interview, Jamal Souissi parle de son prix du meilleur film arabe qu\u2019il vient d\u2019obtenir gr\u00e2ce \u00e0 son film \u00abMorjana\u00bb lors du 37\u00e8me Festival du cin\u00e9ma m\u00e9diterran\u00e9en d\u2019Alexandrie.<\/p>\n<\/div>\n<p><strong><span style=\"color: #ff0000;\">ALM<\/span> : Vous avez re\u00e7u plusieurs prix au cours d\u2019autres \u00e9v\u00e9nements cin\u00e9matographiques, que repr\u00e9sente pour vous celui du meilleur film arabe remport\u00e9 r\u00e9cemment lors de cette 37\u00e8me \u00e9dition\u00a0? <\/strong><\/p>\n<p><span style=\"color: #ff0000;\"><strong>Jamal Souissi<\/strong> <\/span>: Bien s\u00fbr que ce nouveau prix repr\u00e9sente beaucoup pour moi. D\u2019autant plus que \u00abMorjana\u00bb \u00e9tait en comp\u00e9tition avec plusieurs films repr\u00e9sentant d\u2019autres pays au cours de ce festival. Je suis tr\u00e8s content que le film soit salu\u00e9 et appr\u00e9ci\u00e9 par les membres du jury et le public et ait pu obtenir cette distinction \u00e0 l\u2019issue de sa projection ailleurs et lors d\u2019un prestigieux \u00e9v\u00e9nement international tel que celui d\u2019Alexandrie. Nous avons ainsi \u00e9t\u00e9 r\u00e9compens\u00e9s pour notre travail et tous les efforts d\u00e9ploy\u00e9s en ces temps difficiles li\u00e9s \u00e0 la pand\u00e9mie de Covid-19 pour la pr\u00e9paration et le tournage et la post-production du film.<\/p>\n<p><strong>Quelle a \u00e9t\u00e9, \u00e0 votre avis, la particularit\u00e9 de \u00abMorjana\u00bb par rapport aux autres films ayant concouru lors de cette comp\u00e9tition\u00a0? <\/strong><\/p>\n<p>Je dirais avec modestie et sans aucune pr\u00e9tention que \u00abMorjana\u00bb m\u00e9rite vraiment ce prix. C\u2019est un film dans lequel on retrouve diff\u00e9rents types d\u2019art, de la musique, de l\u2019op\u00e9ra et du tarab gharnati\u2026 D\u2019ailleurs, le film raconte l\u2019histoire tr\u00e8s touchante de la souffrance d\u2019une jeune com\u00e9dienne et cantatrice, qui r\u00e9ussit sa tourn\u00e9e en Europe et d\u00e9cide ensuite de rentrer au pays pour y faire d\u00e9couvrir l\u2019op\u00e9ra Carmen au public.<\/p>\n<p><strong>Est-ce que le fait que l\u2019id\u00e9e de ce film soit tir\u00e9e d\u2019une histoire vraie a contribu\u00e9 \u00e0 l\u2019obtention de ce prix\u00a0? <\/strong><\/p>\n<p>Le film \u00abMorjana\u00bb met la lumi\u00e8re sur une jeune femme battante que l\u2019on retrouve partout dans les soci\u00e9t\u00e9s au Maroc et d\u2019autres pays d\u2019Afrique, d\u2019Europe, d\u2019Asie et d\u2019Am\u00e9rique. C\u2019est l\u2019histoire du combat de cette femme contre tous les tabous dans la soci\u00e9t\u00e9, au travail, dans le monde de l\u2019art, \u2026<\/p>\n<p><strong>Comment expliquez-vous la domination marocaine dans le palmar\u00e8s de ce festival\u00a0? <\/strong><\/p>\n<p>La domination des artistes marocains lors de cette comp\u00e9tition internationale prouve que le cin\u00e9ma marocain est arriv\u00e9 \u00e0 maturit\u00e9 et \u00e0 m\u00eame de faire de meilleurs films permettant de repr\u00e9senter le Maroc dans de grandes manifestations cin\u00e9matographiques tenues partout dans le monde. Nous esp\u00e9rons que le nouveau gouvernement soutienne vraiment le cin\u00e9ma marocain et accompagne l\u2019avanc\u00e9e qu\u2019il conna\u00eet ces derniers temps. Parce que vu l\u2019importance de l\u2019image pour sa diffusion dans le monde, le film est devenu le meilleur ambassadeur de n\u2019importe quel pays \u00e0 l\u2019\u00e9tranger. D\u2019ailleurs \u00e0 l\u2019heure o\u00f9 je vous parle, le film \u00abMorjana\u00bb est projet\u00e9 pour des membres de la communaut\u00e9 marocaine au Canada. C\u2019est une projection sp\u00e9ciale que j\u2019ai voulu leur offrir.<\/p>\n<p>\u00a0<\/p>\n<\/div>\n<p>Auteur: Najat Fa\u00efssal<br \/>\n<a href=\"https:\/\/aujourdhui.ma\/culture\/jamal-souissi-ce-nouveau-prix-represente-beaucoup-pour-moi\">Cliquez ici pour lire l&rsquo;article depuis sa source.<\/a><\/p>\n","protected":false},"excerpt":{"rendered":"<p>Entretien avec Jamal Souissi, r\u00e9alisateur et producteur marocain Dans cette interview, Jamal Souissi parle de son prix du meilleur film arabe qu\u2019il vient d\u2019obtenir gr\u00e2ce \u00e0 son film \u00abMorjana\u00bb lors du 37\u00e8me Festival du cin\u00e9ma m\u00e9diterran\u00e9en d\u2019Alexandrie. ALM : Vous avez re\u00e7u plusieurs prix au cours d\u2019autres \u00e9v\u00e9nements cin\u00e9matographiques, que repr\u00e9sente pour vous celui du [&hellip;]<\/p>\n","protected":false},"author":1759,"featured_media":0,"comment_status":"closed","ping_status":"closed","sticky":false,"template":"","format":"standard","meta":{"fifu_image_url":"https:\/\/aujourdhui.ma\/wp-content\/uploads\/2021\/10\/3-Jamal-Souissi-300x153.jpg","fifu_image_alt":"Jamal Souissi : \u00abCe nouveau prix repr\u00e9sente beaucoup pour moi\u00bb","footnotes":""},"categories":[73,54],"tags":[],"class_list":["post-129278","post","type-post","status-publish","format-standard","hentry","category-actualite","category-maroc"],"_links":{"self":[{"href":"https:\/\/linitiative.ca\/International\/wp-json\/wp\/v2\/posts\/129278","targetHints":{"allow":["GET"]}}],"collection":[{"href":"https:\/\/linitiative.ca\/International\/wp-json\/wp\/v2\/posts"}],"about":[{"href":"https:\/\/linitiative.ca\/International\/wp-json\/wp\/v2\/types\/post"}],"author":[{"embeddable":true,"href":"https:\/\/linitiative.ca\/International\/wp-json\/wp\/v2\/users\/1759"}],"replies":[{"embeddable":true,"href":"https:\/\/linitiative.ca\/International\/wp-json\/wp\/v2\/comments?post=129278"}],"version-history":[{"count":0,"href":"https:\/\/linitiative.ca\/International\/wp-json\/wp\/v2\/posts\/129278\/revisions"}],"wp:attachment":[{"href":"https:\/\/linitiative.ca\/International\/wp-json\/wp\/v2\/media?parent=129278"}],"wp:term":[{"taxonomy":"category","embeddable":true,"href":"https:\/\/linitiative.ca\/International\/wp-json\/wp\/v2\/categories?post=129278"},{"taxonomy":"post_tag","embeddable":true,"href":"https:\/\/linitiative.ca\/International\/wp-json\/wp\/v2\/tags?post=129278"}],"curies":[{"name":"wp","href":"https:\/\/api.w.org\/{rel}","templated":true}]}}