{"id":129280,"date":"2021-10-07T11:28:41","date_gmt":"2021-10-07T15:28:41","guid":{"rendered":"https:\/\/linitiative.ca\/International\/covid-19-maroc-la-situation-epidemiologique-au-7-octobre-2021-a-16h00\/"},"modified":"2021-10-07T11:28:41","modified_gmt":"2021-10-07T15:28:41","slug":"covid-19-maroc-la-situation-epidemiologique-au-7-octobre-2021-a-16h00","status":"publish","type":"post","link":"https:\/\/linitiative.ca\/International\/covid-19-maroc-la-situation-epidemiologique-au-7-octobre-2021-a-16h00\/","title":{"rendered":"Covid-19 \/ Maroc : La situation \u00e9pid\u00e9miologique au 7 octobre 2021 \u00e0 16H00"},"content":{"rendered":"<div>\n<p><img decoding=\"async\" width=\"300\" height=\"153\" src=\"https:\/\/linitiative.ca\/International\/wp-content\/uploads\/sites\/23\/2021\/10\/Hopital-Tests-Covid-19-Coronavirus-Maroc-300x153-1.jpg\" class=\"attachment-medium size-medium wp-post-image\" alt=\"\" loading=\"lazy\" srcset=\"https:\/\/linitiative.ca\/International\/wp-content\/uploads\/sites\/23\/2021\/10\/Hopital-Tests-Covid-19-Coronavirus-Maroc-300x153-1.jpg 300w, https:\/\/aujourdhui.ma\/wp-content\/uploads\/2020\/11\/Hopital-Tests-Covid-19-Coronavirus-Maroc-274x140.jpg 274w, https:\/\/aujourdhui.ma\/wp-content\/uploads\/2020\/11\/Hopital-Tests-Covid-19-Coronavirus-Maroc.jpg 746w, https:\/\/aujourdhui.ma\/wp-content\/uploads\/2020\/11\/Hopital-Tests-Covid-19-Coronavirus-Maroc-165x84.jpg 165w, https:\/\/aujourdhui.ma\/wp-content\/uploads\/2020\/11\/Hopital-Tests-Covid-19-Coronavirus-Maroc-702x358.jpg 702w\" sizes=\"auto, (max-width: 300px) 100vw, 300px\"><\/p>\n<p><span style=\"font-size: 20px; color: #800000;\"><strong>Entre hier \u00e0 16H00 et aujourd\u2019hui \u00e0 16H00<\/strong><\/span><span id=\"more-388399\"><\/span><span id=\"more-388503\"><\/span><\/p>\n<p>668 nouveaux cas soit un cumul de 937 631 cas \u00e0 ce jour.<br \/>\n1 788 gu\u00e9risons soit un cumul de 915 017 \u00e0 ce jour.<br \/>\n23 nouveaux d\u00e9c\u00e8s donc un cumul de 14 413\u00a0 \u00e0 ce jour.<\/p>\n<p><span style=\"color: #ff0000;\"><strong>Nombre de personnes vaccin\u00e9es au 7 octobre 16H00<\/strong><\/span><\/p>\n<p><span style=\"color: #800000;\">1 \u00e8re dose :\u00a0<\/span><b>\u00a0 22 996 886<br \/>\n<\/b><\/p>\n<p><span style=\"color: #800000;\">2 \u00e8me dose :<\/span><strong> 19 913 618<br \/>\n<\/strong><\/p>\n<p><span style=\"color: #800000;\">3 \u00e8me dose :<\/span><strong> 111 577<br \/>\n<\/strong><\/p>\n<p><a href=\"https:\/\/linitiative.ca\/International\/wp-content\/uploads\/sites\/23\/2021\/10\/coronavirus07102021_page-0001.jpg\"><img decoding=\"async\" loading=\"lazy\" class=\"aligncenter size-full wp-image-388507\" src=\"https:\/\/linitiative.ca\/International\/wp-content\/uploads\/sites\/23\/2021\/10\/coronavirus07102021_page-0001.jpg\" alt=\"\" width=\"1241\" height=\"1754\" srcset=\"https:\/\/linitiative.ca\/International\/wp-content\/uploads\/sites\/23\/2021\/10\/coronavirus07102021_page-0001.jpg 1241w, https:\/\/aujourdhui.ma\/wp-content\/uploads\/2021\/10\/coronavirus07102021_page-0001-212x300.jpg 212w, https:\/\/aujourdhui.ma\/wp-content\/uploads\/2021\/10\/coronavirus07102021_page-0001-725x1024.jpg 725w, https:\/\/aujourdhui.ma\/wp-content\/uploads\/2021\/10\/coronavirus07102021_page-0001-768x1085.jpg 768w, https:\/\/aujourdhui.ma\/wp-content\/uploads\/2021\/10\/coronavirus07102021_page-0001-1087x1536.jpg 1087w\" sizes=\"auto, (max-width: 1241px) 100vw, 1241px\"><\/a> <a href=\"https:\/\/linitiative.ca\/International\/wp-content\/uploads\/sites\/23\/2021\/10\/coronavirus07102021_page-0002.jpg\"><img decoding=\"async\" loading=\"lazy\" class=\"aligncenter size-full wp-image-388510\" src=\"https:\/\/linitiative.ca\/International\/wp-content\/uploads\/sites\/23\/2021\/10\/coronavirus07102021_page-0002.jpg\" alt=\"\" width=\"1241\" height=\"1754\" srcset=\"https:\/\/linitiative.ca\/International\/wp-content\/uploads\/sites\/23\/2021\/10\/coronavirus07102021_page-0002.jpg 1241w, https:\/\/aujourdhui.ma\/wp-content\/uploads\/2021\/10\/coronavirus07102021_page-0002-212x300.jpg 212w, https:\/\/aujourdhui.ma\/wp-content\/uploads\/2021\/10\/coronavirus07102021_page-0002-725x1024.jpg 725w, https:\/\/aujourdhui.ma\/wp-content\/uploads\/2021\/10\/coronavirus07102021_page-0002-768x1085.jpg 768w, https:\/\/aujourdhui.ma\/wp-content\/uploads\/2021\/10\/coronavirus07102021_page-0002-1087x1536.jpg 1087w\" sizes=\"auto, (max-width: 1241px) 100vw, 1241px\"><\/a> <a href=\"https:\/\/linitiative.ca\/International\/wp-content\/uploads\/sites\/23\/2021\/10\/coronavirus07102021_page-0003.jpg\"><img decoding=\"async\" loading=\"lazy\" class=\"aligncenter size-full wp-image-388508\" src=\"https:\/\/linitiative.ca\/International\/wp-content\/uploads\/sites\/23\/2021\/10\/coronavirus07102021_page-0003.jpg\" alt=\"\" width=\"1241\" height=\"1754\" srcset=\"https:\/\/linitiative.ca\/International\/wp-content\/uploads\/sites\/23\/2021\/10\/coronavirus07102021_page-0003.jpg 1241w, https:\/\/aujourdhui.ma\/wp-content\/uploads\/2021\/10\/coronavirus07102021_page-0003-212x300.jpg 212w, https:\/\/aujourdhui.ma\/wp-content\/uploads\/2021\/10\/coronavirus07102021_page-0003-725x1024.jpg 725w, https:\/\/aujourdhui.ma\/wp-content\/uploads\/2021\/10\/coronavirus07102021_page-0003-768x1085.jpg 768w, https:\/\/aujourdhui.ma\/wp-content\/uploads\/2021\/10\/coronavirus07102021_page-0003-1087x1536.jpg 1087w\" sizes=\"auto, (max-width: 1241px) 100vw, 1241px\"><\/a> <a href=\"https:\/\/linitiative.ca\/International\/wp-content\/uploads\/sites\/23\/2021\/10\/coronavirus07102021_page-0004.jpg\"><img decoding=\"async\" loading=\"lazy\" class=\"aligncenter size-full wp-image-388509\" src=\"https:\/\/linitiative.ca\/International\/wp-content\/uploads\/sites\/23\/2021\/10\/coronavirus07102021_page-0004.jpg\" alt=\"\" width=\"1241\" height=\"1754\" srcset=\"https:\/\/linitiative.ca\/International\/wp-content\/uploads\/sites\/23\/2021\/10\/coronavirus07102021_page-0004.jpg 1241w, https:\/\/aujourdhui.ma\/wp-content\/uploads\/2021\/10\/coronavirus07102021_page-0004-212x300.jpg 212w, https:\/\/aujourdhui.ma\/wp-content\/uploads\/2021\/10\/coronavirus07102021_page-0004-725x1024.jpg 725w, https:\/\/aujourdhui.ma\/wp-content\/uploads\/2021\/10\/coronavirus07102021_page-0004-768x1085.jpg 768w, https:\/\/aujourdhui.ma\/wp-content\/uploads\/2021\/10\/coronavirus07102021_page-0004-1087x1536.jpg 1087w\" sizes=\"auto, (max-width: 1241px) 100vw, 1241px\"><\/a><\/p>\n<p>\u00a0<\/p>\n<\/div>\n<p>Auteur: ALM<br \/>\n<a href=\"https:\/\/aujourdhui.ma\/societe\/covid-19-maroc-la-situation-epidemiologique-au-7-octobre-2021-a-16h00\">Cliquez ici pour lire l&rsquo;article depuis sa source.<\/a><\/p>\n","protected":false},"excerpt":{"rendered":"<p>Entre hier \u00e0 16H00 et aujourd\u2019hui \u00e0 16H00 668 nouveaux cas soit un cumul de 937 631 cas \u00e0 ce jour. 1 788 gu\u00e9risons soit un cumul de 915 017 \u00e0 ce jour. 23 nouveaux d\u00e9c\u00e8s donc un cumul de 14 413\u00a0 \u00e0 ce jour. Nombre de personnes vaccin\u00e9es au 7 octobre 16H00 1 \u00e8re [&hellip;]<\/p>\n","protected":false},"author":1759,"featured_media":0,"comment_status":"closed","ping_status":"closed","sticky":false,"template":"","format":"standard","meta":{"fifu_image_url":"https:\/\/aujourdhui.ma\/wp-content\/uploads\/2020\/11\/Hopital-Tests-Covid-19-Coronavirus-Maroc-300x153.jpg","fifu_image_alt":"Covid-19 \/ Maroc : La situation \u00e9pid\u00e9miologique au 7 octobre 2021 \u00e0 16H00","footnotes":""},"categories":[73,54],"tags":[],"class_list":["post-129280","post","type-post","status-publish","format-standard","hentry","category-actualite","category-maroc"],"_links":{"self":[{"href":"https:\/\/linitiative.ca\/International\/wp-json\/wp\/v2\/posts\/129280","targetHints":{"allow":["GET"]}}],"collection":[{"href":"https:\/\/linitiative.ca\/International\/wp-json\/wp\/v2\/posts"}],"about":[{"href":"https:\/\/linitiative.ca\/International\/wp-json\/wp\/v2\/types\/post"}],"author":[{"embeddable":true,"href":"https:\/\/linitiative.ca\/International\/wp-json\/wp\/v2\/users\/1759"}],"replies":[{"embeddable":true,"href":"https:\/\/linitiative.ca\/International\/wp-json\/wp\/v2\/comments?post=129280"}],"version-history":[{"count":0,"href":"https:\/\/linitiative.ca\/International\/wp-json\/wp\/v2\/posts\/129280\/revisions"}],"wp:attachment":[{"href":"https:\/\/linitiative.ca\/International\/wp-json\/wp\/v2\/media?parent=129280"}],"wp:term":[{"taxonomy":"category","embeddable":true,"href":"https:\/\/linitiative.ca\/International\/wp-json\/wp\/v2\/categories?post=129280"},{"taxonomy":"post_tag","embeddable":true,"href":"https:\/\/linitiative.ca\/International\/wp-json\/wp\/v2\/tags?post=129280"}],"curies":[{"name":"wp","href":"https:\/\/api.w.org\/{rel}","templated":true}]}}