{"id":129286,"date":"2021-10-06T14:00:00","date_gmt":"2021-10-06T18:00:00","guid":{"rendered":"https:\/\/linitiative.ca\/International\/lecole-publique-plombee-par-une-serie-de-greves\/"},"modified":"2021-10-06T14:00:00","modified_gmt":"2021-10-06T18:00:00","slug":"lecole-publique-plombee-par-une-serie-de-greves","status":"publish","type":"post","link":"https:\/\/linitiative.ca\/International\/lecole-publique-plombee-par-une-serie-de-greves\/","title":{"rendered":"L\u2019\u00e9cole publique plomb\u00e9e par une s\u00e9rie de gr\u00e8ves"},"content":{"rendered":"<div>\n<p class=\"has-text-align-center has-vivid-red-color has-text-color\"><strong>Enseignants contractuels<\/strong><\/p>\n<p class=\"has-black-color has-text-color\"><strong>Une nouvelle \u00e9preuve de force s\u2019engage entre le gouvernement et\u00a0 les enseignants contractuels. En effet, ces derniers, camp\u00e9s sur leurs positions, n\u2019ont pas h\u00e9sit\u00e9 \u00e0 monter au filet en d\u00e9cr\u00e9tant un d\u00e9brayage de 5 jours dans tous les \u00e9tablissements publics, soit les 12, 13,14, 15 et 16 dans le courant du mois d\u2019octobre.Cette d\u00e9cision a \u00e9t\u00e9 approuv\u00e9e par le Conseil national de la Coordination nationale des enseignants contractuels, r\u00e9unie r\u00e9cemment, apprend-on dans un communiqu\u00e9 rendu public.<\/strong><\/p>\n<p class=\"has-black-color has-text-color\">La m\u00eame source souligne que cette action militante sera poursuivie par un une autre gr\u00e8ve nationale de trois jours, qui aura lieu les 10, 11 et 12 novembre prochain. Ces manifestations seront \u00e9galement couronn\u00e9es par deux\u00a0 marches massives auxquelles prendront part l\u2019ensemble des contractuels pour manifester leur opposition \u00e0 ce qu\u2019ils d\u00e9signent de \u00ab\u00a0plan de contrat\u00a0\u00bb, note le communiqu\u00e9. Ces actes de protestation auront respectivement \u00e0 Rabat et Casablanca les 14 et 15 octobre 2021 et le 16 novembre prochain.Pour la Coordination nationale, le d\u00e9partement de tutelle continue \u00e0 relayer de fausses informations en arguant que le dossier des contractuels a \u00e9t\u00e9 r\u00e9solu alors que la r\u00e9alit\u00e9 est toute autre.<\/p>\n<p class=\"has-black-color has-text-color\">Toujours selon la m\u00eame source, le dossier de revendication des contractuels contient plusieurs points encore en suspens.\u00a0 Ainsi, ils d\u00e9plorent le fait de ne pas avoir b\u00e9n\u00e9fici\u00e9 du mouvement national de mutation \u00e0 l\u2019instar des enseignants recrut\u00e9s avant 2016. Abondant dans le m\u00eame ordre d\u2019id\u00e9es, la coordination nationale des enseignants contractuels \u00e9voque l\u2019instabilit\u00e9 du corps des contractuels qui reste \u00e0 la merci de l\u2019acad\u00e9mie r\u00e9gionale de l\u2019\u00e9ducation. Comme quoi,\u00a0 les contractuels sont consid\u00e9r\u00e9s comme une \u00ab\u00a0roue de secours\u00a0 destin\u00e9e \u00e0 combler le d\u00e9ficit en ressources humaines\u00a0\u00bb, affirme le Conseil national. En sus de cela, il d\u00e9nonce l\u2019absence de promotion ou encore la possibilit\u00e9 de changer de cadre, ce qui n\u2019est pas le cas pour les enseignants r\u00e9guliers.<\/p>\n<p class=\"has-black-color has-text-color\">Autre point de litige mis en avant par la coordination nationale, porte sur l\u2019interdiction des contractuels du passage d\u2019un \u00a0cycle \u00e0 l\u2019autre ou de passer les concours de l\u2019enseignement sup\u00e9rieur ou de d\u2019agr\u00e9gation. Pire encore, la candidature aux postes de l\u2019enseignement sup\u00e9rieur est rejet\u00e9e, m\u00eame si les candidats arrivent \u00e0 r\u00e9ussir les concours, lit-on en substance dans le communiqu\u00e9. Qui plus est, la m\u00eame source met l\u2019accent sur le fait que les contractuels ont \u00e9t\u00e9 affili\u00e9s \u00e0 la Caisse marocaine des retraites, sans ouvrir un d\u00e9bat avec les concern\u00e9s, ce qui constitue un d\u00e9ni de leurs droits.<\/p>\n<p class=\"has-black-color has-text-color\"><strong>Khalid Darfaf\u00a0<\/strong><\/p>\n<p>L\u2019article <a rel=\"nofollow\" href=\"http:\/\/albayane.press.ma\/lecole-publique-plombee-par-une-serie-de-greves.html\">L\u2019\u00e9cole publique plomb\u00e9e par une s\u00e9rie de gr\u00e8ves<\/a> est apparu en premier sur <a rel=\"nofollow\" href=\"http:\/\/albayane.press.ma\/\">ALBAYANE<\/a>.<\/p>\n<\/div>\n<p>Auteur: M&rsquo;hammed rahal<br \/>\n<a href=\"http:\/\/albayane.press.ma\/lecole-publique-plombee-par-une-serie-de-greves.html\">Cliquez ici pour lire l&rsquo;article depuis sa source.<\/a><\/p>\n","protected":false},"excerpt":{"rendered":"<p>Enseignants contractuels Une nouvelle \u00e9preuve de force s\u2019engage entre le gouvernement et\u00a0 les enseignants contractuels. En effet, ces derniers, camp\u00e9s sur leurs positions, n\u2019ont pas h\u00e9sit\u00e9 \u00e0 monter au filet en d\u00e9cr\u00e9tant un d\u00e9brayage de 5 jours dans tous les \u00e9tablissements publics, soit les 12, 13,14, 15 et 16 dans le courant du mois d\u2019octobre.Cette [&hellip;]<\/p>\n","protected":false},"author":1760,"featured_media":0,"comment_status":"closed","ping_status":"closed","sticky":false,"template":"","format":"standard","meta":{"fifu_image_url":"","fifu_image_alt":"","footnotes":""},"categories":[73,54],"tags":[],"class_list":["post-129286","post","type-post","status-publish","format-standard","hentry","category-actualite","category-maroc"],"_links":{"self":[{"href":"https:\/\/linitiative.ca\/International\/wp-json\/wp\/v2\/posts\/129286","targetHints":{"allow":["GET"]}}],"collection":[{"href":"https:\/\/linitiative.ca\/International\/wp-json\/wp\/v2\/posts"}],"about":[{"href":"https:\/\/linitiative.ca\/International\/wp-json\/wp\/v2\/types\/post"}],"author":[{"embeddable":true,"href":"https:\/\/linitiative.ca\/International\/wp-json\/wp\/v2\/users\/1760"}],"replies":[{"embeddable":true,"href":"https:\/\/linitiative.ca\/International\/wp-json\/wp\/v2\/comments?post=129286"}],"version-history":[{"count":0,"href":"https:\/\/linitiative.ca\/International\/wp-json\/wp\/v2\/posts\/129286\/revisions"}],"wp:attachment":[{"href":"https:\/\/linitiative.ca\/International\/wp-json\/wp\/v2\/media?parent=129286"}],"wp:term":[{"taxonomy":"category","embeddable":true,"href":"https:\/\/linitiative.ca\/International\/wp-json\/wp\/v2\/categories?post=129286"},{"taxonomy":"post_tag","embeddable":true,"href":"https:\/\/linitiative.ca\/International\/wp-json\/wp\/v2\/tags?post=129286"}],"curies":[{"name":"wp","href":"https:\/\/api.w.org\/{rel}","templated":true}]}}