{"id":129287,"date":"2021-10-06T14:00:00","date_gmt":"2021-10-06T18:00:00","guid":{"rendered":"https:\/\/linitiative.ca\/International\/college-des-salaries-lumt-en-tete-avec-8-sieges\/"},"modified":"2021-10-06T14:00:00","modified_gmt":"2021-10-06T18:00:00","slug":"college-des-salaries-lumt-en-tete-avec-8-sieges","status":"publish","type":"post","link":"https:\/\/linitiative.ca\/International\/college-des-salaries-lumt-en-tete-avec-8-sieges\/","title":{"rendered":"Coll\u00e8ge des salari\u00e9s : l\u2019UMT en t\u00eate avec 8 si\u00e8ges"},"content":{"rendered":"<div>\n<p class=\"has-text-align-center has-vivid-red-color has-text-color\"><strong>\u00c9lections de la Chambre des conseillers<\/strong><\/p>\n<p class=\"has-black-color has-text-color\"><strong>Le Parti du Rassemblement National des Ind\u00e9pendants (<\/strong>RNI<strong>) est arriv\u00e9 en t\u00eate des \u00e9lections des membres de la Chambre des Conseillers, au titre des coll\u00e8ges des collectivit\u00e9s territoriales et des chambres professionnelles, qui ont eu lieu mardi, en obtenant 27 si\u00e8ges.<\/strong><\/p>\n<p class=\"has-black-color has-text-color\">Le Parti Authenticit\u00e9 et Modernit\u00e9 (PAM) est arriv\u00e9 en deuxi\u00e8me position avec 19 si\u00e8ges, suivi du Parti de l\u2019Istiqlal (PI) avec 17 si\u00e8ges, selon des r\u00e9sultats provisoires annonc\u00e9s, mardi soir, dans un communiqu\u00e9 du ministre de l\u2019Int\u00e9rieur.<\/p>\n<p class=\"has-black-color has-text-color\">Le Mouvement populaire (MP) occupe la 4\u00e8me place avec 12 si\u00e8ges, suivi de l\u2019Union socialiste des forces populaires (USFP) avec 8 si\u00e8ges, du Parti Justice et D\u00e9veloppement (3 si\u00e8ges) et de l\u2019Union constitutionnelle (UC) avec 2 si\u00e8ges, ajoute le ministre.<\/p>\n<p class=\"has-black-color has-text-color\">Pour ce qui est des autres partis politiques, au nombre de six, trois ont obtenu un si\u00e8ge chacun, alors qu\u2019un candidat sans appartenance politique a r\u00e9ussi \u00e0 remporter l\u2019\u00e9lection.<\/p>\n<p class=\"has-black-color has-text-color\"><strong>Coll\u00e8ge des syndicats\u00a0: l\u2019UMT en t\u00eate avec 8 si\u00e8ges<\/strong><\/p>\n<p class=\"has-black-color has-text-color\">S\u2019agissant des si\u00e8ges d\u00e9di\u00e9s au coll\u00e8ge \u00e9lectoral des repr\u00e9sentants des salari\u00e9s, et sur la base des r\u00e9sultats provisoires annonc\u00e9s par les bureaux de vote et les bureaux centralisateurs au niveau national, ils se r\u00e9partissent comme suit : l\u2019Union marocaine du travail (UMT) : 8 si\u00e8ges, l\u2019Union g\u00e9n\u00e9rale des travailleurs du Maroc (UGTM) : 6 si\u00e8ges, la Conf\u00e9d\u00e9ration d\u00e9mocratique du travail (CDT) : 3 si\u00e8ges, l\u2019Union nationale du travail au Maroc (UNTM) : 2 si\u00e8ges et la F\u00e9d\u00e9ration d\u00e9mocratique du travail (FDT) : 1 si\u00e8ge.<\/p>\n<p class=\"has-black-color has-text-color\">Concernant le coll\u00e8ge \u00e9lectoral des repr\u00e9sentants des organisations professionnelles des employeurs les plus repr\u00e9sentatives, les huit si\u00e8ges en lice ont \u00e9t\u00e9 remport\u00e9s par les candidates et candidats appartenant aux organisations r\u00e9gionales ou centrales de la Conf\u00e9d\u00e9ration g\u00e9n\u00e9rale des entreprises du Maroc (CGEM), qui ont pr\u00e9sent\u00e9 leurs candidatures avec l\u2019accr\u00e9ditation de la Conf\u00e9d\u00e9ration ou via des listes ayant obtenu le nombre de signatures exig\u00e9 par la loi. Le ministre de l\u2019Int\u00e9rieur pr\u00e9cise que ces r\u00e9sultats restent provisoires en attendant leur validation par les commissions r\u00e9gionales de recensement, en vertu des dispositions juridiques en vigueur en ce qui concerne les coll\u00e8ges \u00e9lectoraux des repr\u00e9sentants des collectivit\u00e9s territoriales, des chambres professionnelles, des organisations professionnelles des employeurs les plus repr\u00e9sentatives ainsi que par la commission nationale de recensement pour ce qui est du coll\u00e8ge \u00e9lectoral des repr\u00e9sentants des salari\u00e9s.<\/p>\n<p>L\u2019article <a rel=\"nofollow\" href=\"http:\/\/albayane.press.ma\/college-des-salaries-lumt-en-tete-avec-8-sieges.html\">Coll\u00e8ge des salari\u00e9s : l\u2019UMT en t\u00eate avec 8 si\u00e8ges<\/a> est apparu en premier sur <a rel=\"nofollow\" href=\"http:\/\/albayane.press.ma\/\">ALBAYANE<\/a>.<\/p>\n<\/div>\n<p>Auteur: M&rsquo;hammed rahal<br \/>\n<a href=\"http:\/\/albayane.press.ma\/college-des-salaries-lumt-en-tete-avec-8-sieges.html\">Cliquez ici pour lire l&rsquo;article depuis sa source.<\/a><\/p>\n","protected":false},"excerpt":{"rendered":"<p>\u00c9lections de la Chambre des conseillers Le Parti du Rassemblement National des Ind\u00e9pendants (RNI) est arriv\u00e9 en t\u00eate des \u00e9lections des membres de la Chambre des Conseillers, au titre des coll\u00e8ges des collectivit\u00e9s territoriales et des chambres professionnelles, qui ont eu lieu mardi, en obtenant 27 si\u00e8ges. Le Parti Authenticit\u00e9 et Modernit\u00e9 (PAM) est arriv\u00e9 [&hellip;]<\/p>\n","protected":false},"author":1760,"featured_media":0,"comment_status":"closed","ping_status":"closed","sticky":false,"template":"","format":"standard","meta":{"fifu_image_url":"","fifu_image_alt":"","footnotes":""},"categories":[73,54],"tags":[],"class_list":["post-129287","post","type-post","status-publish","format-standard","hentry","category-actualite","category-maroc"],"_links":{"self":[{"href":"https:\/\/linitiative.ca\/International\/wp-json\/wp\/v2\/posts\/129287","targetHints":{"allow":["GET"]}}],"collection":[{"href":"https:\/\/linitiative.ca\/International\/wp-json\/wp\/v2\/posts"}],"about":[{"href":"https:\/\/linitiative.ca\/International\/wp-json\/wp\/v2\/types\/post"}],"author":[{"embeddable":true,"href":"https:\/\/linitiative.ca\/International\/wp-json\/wp\/v2\/users\/1760"}],"replies":[{"embeddable":true,"href":"https:\/\/linitiative.ca\/International\/wp-json\/wp\/v2\/comments?post=129287"}],"version-history":[{"count":0,"href":"https:\/\/linitiative.ca\/International\/wp-json\/wp\/v2\/posts\/129287\/revisions"}],"wp:attachment":[{"href":"https:\/\/linitiative.ca\/International\/wp-json\/wp\/v2\/media?parent=129287"}],"wp:term":[{"taxonomy":"category","embeddable":true,"href":"https:\/\/linitiative.ca\/International\/wp-json\/wp\/v2\/categories?post=129287"},{"taxonomy":"post_tag","embeddable":true,"href":"https:\/\/linitiative.ca\/International\/wp-json\/wp\/v2\/tags?post=129287"}],"curies":[{"name":"wp","href":"https:\/\/api.w.org\/{rel}","templated":true}]}}