{"id":129288,"date":"2021-10-06T14:00:00","date_gmt":"2021-10-06T18:00:00","guid":{"rendered":"https:\/\/linitiative.ca\/International\/quel-dessein-de-la-gauche-marocaine\/"},"modified":"2021-10-06T14:00:00","modified_gmt":"2021-10-06T18:00:00","slug":"quel-dessein-de-la-gauche-marocaine","status":"publish","type":"post","link":"https:\/\/linitiative.ca\/International\/quel-dessein-de-la-gauche-marocaine\/","title":{"rendered":"Quel dessein de la Gauche marocaine?"},"content":{"rendered":"<div>\n<p class=\"has-black-color has-text-color\"><strong>Au moment o\u00f9 le courant\u00ab\u00a0islamiste\u00a0\u00bbs\u2019est empar\u00e9 du Pouvoir, deux mandats d\u2019affil\u00e9e, relay\u00e9, \u00e0 pr\u00e9sent par le camp quasiment \u00abhyperlib\u00e9ral\u00bb, la Gauche se recroqueville sur les haillons tristes de la morbidit\u00e9. Elle fait piti\u00e9 et titube dans son coin, sans pouvoir se ressaisir ! De quel bois chauffe-t-elle, aujourd\u2019hui!\u00a0? Pas grand-chose : la g\u00e2chette est grinc\u00e9e et la cartouche mouill\u00e9e. Pendant des ann\u00e9es, au temps de la lutte pour le grand Id\u00e9al, elle rayonnait \u00e0 cor et \u00e0 cri, scandait la voix du Peuple et balisait la voie du Salut. Qu\u2019en reste-il de cette p\u00e9tillance \u00e9clatante ? Rien de plus d\u00e9solant. On n\u2019en a plus que les yeux pour larmoyer\u2026<\/strong><\/p>\n<p class=\"has-black-color has-text-color\">La Gauche a perdu de son \u00e9clat\u2026En fait, elle n\u2019est plus que l\u2019ombre d\u2019elle-m\u00eame! Mais le r\u00e9f\u00e9rentiel auquel elle a toujours cru et pour lequel elle a combattu sans cesse, coule encore dans ses veines, en d\u00e9pit des d\u00e9faillances. A l\u2019image de la vie politique nationale en d\u00e9cadence, ses composantes, disparates et \u00e9parses, moisissent dans la d\u00e9sunion, depuis d\u00e9j\u00e0 des lustres.<\/p>\n<p class=\"has-black-color has-text-color\">Au fil du temps, les fibres id\u00e9elles de la Gauche ne convergent plus autour de ce qui les assemble, mais s\u2019obstinent, pour une bonne partie, \u00e0 verser dans des accrocs fratricides. De surcro\u00eet, on ne cesse pas de dormir sur ses lauriers, en se contentant \u00ab\u00a0d\u2019idol\u00e2trer\u00a0\u00bb les anciens leaders, \u00e0 travers l\u2019exhibition de leurs g\u00e9ants portraits au cours des pi\u00e8tres meetings, sans nul effet sur les jeunes g\u00e9n\u00e9rations montantes, avides de tons novateurs et non de reculs nostalgiques. L\u2019alliance de la Gauche qui a, de tous temps, anim\u00e9 ses fervents adeptes, par-ci, par-l\u00e0, semble devenir une fade d\u00e9sillusion.<\/p>\n<p class=\"has-black-color has-text-color\">F\u00e9rocement \u00abtabass\u00e9e\u00bb \u00e0 l\u2019\u00e9pique, par les gourdins obsol\u00e8tes, la Gauche aura aussi failli \u00e0 ses lettres de noblesse en interne, par des d\u00e9chirements intestins, au point de prendre de l\u2019eau de partout. Son front qui fut un r\u00e9el bouclier sur lequel s\u2019effilochaient les assauts r\u00e9actionnaires et se tissaient les filaments du progr\u00e8s et de la d\u00e9mocratie, sombre dans l\u2019\u00e9tat f\u00e9brile. Cette pr\u00e9carit\u00e9 mortuaire dont les signes contaminent les valeurs de la vie soci\u00e9tale, fond\u00e9es sur id\u00e9aux que pr\u00eache la Gauche, depuis sa naissance, laissait pousser l\u2019ivraie partout dans un champ politique sans \u00e2me ni s\u00e9same.<\/p>\n<p class=\"has-black-color has-text-color\">Que faire, face \u00e0 cette gabegie nocive ? Comment \u00abraccommoder\u00bb les tessons de la Gauche marocaine ? Au fait, de quelle Gauche est-il encore question ? Autant de pr\u00e9occupations qui taraudent\u00a0 l\u2019esprit des plus ardents des partisans de \u00abL\u2019union de la Gauche\u00bb. C\u2019est beaucoup plus facile \u00e0 dire que faire, en mati\u00e8re de concorde et de reconstruction, si l\u2019on sait que la fracture est profonde. Il s\u2019agirait, sans doute, de reconstituer les principes de Gauche \u00e0 travers tous les groupements de soci\u00e9t\u00e9 qui portent ces m\u00eames vertus, au lieu de s\u2019ent\u00eater, peut-\u00eatre, \u00e0 se suffire exclusivement \u00e0 des mouvements de la Gauche surann\u00e9e car le terme de la Gauche ne serait, peut-\u00eatre plus attributaire aux seules formes d\u00e9su\u00e8tes, dict\u00e9es par les conjonctures du pass\u00e9.<\/p>\n<p>L\u2019article <a rel=\"nofollow\" href=\"http:\/\/albayane.press.ma\/quel-dessein-de-la-gauche-marocaine.html\">Quel dessein de la Gauche marocaine?<\/a> est apparu en premier sur <a rel=\"nofollow\" href=\"http:\/\/albayane.press.ma\/\">ALBAYANE<\/a>.<\/p>\n<\/div>\n<p>Auteur: M&rsquo;hammed rahal<br \/>\n<a href=\"http:\/\/albayane.press.ma\/quel-dessein-de-la-gauche-marocaine.html\">Cliquez ici pour lire l&rsquo;article depuis sa source.<\/a><\/p>\n","protected":false},"excerpt":{"rendered":"<p>Au moment o\u00f9 le courant\u00ab\u00a0islamiste\u00a0\u00bbs\u2019est empar\u00e9 du Pouvoir, deux mandats d\u2019affil\u00e9e, relay\u00e9, \u00e0 pr\u00e9sent par le camp quasiment \u00abhyperlib\u00e9ral\u00bb, la Gauche se recroqueville sur les haillons tristes de la morbidit\u00e9. Elle fait piti\u00e9 et titube dans son coin, sans pouvoir se ressaisir ! De quel bois chauffe-t-elle, aujourd\u2019hui!\u00a0? Pas grand-chose : la g\u00e2chette est grinc\u00e9e [&hellip;]<\/p>\n","protected":false},"author":1760,"featured_media":0,"comment_status":"closed","ping_status":"closed","sticky":false,"template":"","format":"standard","meta":{"fifu_image_url":"","fifu_image_alt":"","footnotes":""},"categories":[73,54],"tags":[],"class_list":["post-129288","post","type-post","status-publish","format-standard","hentry","category-actualite","category-maroc"],"_links":{"self":[{"href":"https:\/\/linitiative.ca\/International\/wp-json\/wp\/v2\/posts\/129288","targetHints":{"allow":["GET"]}}],"collection":[{"href":"https:\/\/linitiative.ca\/International\/wp-json\/wp\/v2\/posts"}],"about":[{"href":"https:\/\/linitiative.ca\/International\/wp-json\/wp\/v2\/types\/post"}],"author":[{"embeddable":true,"href":"https:\/\/linitiative.ca\/International\/wp-json\/wp\/v2\/users\/1760"}],"replies":[{"embeddable":true,"href":"https:\/\/linitiative.ca\/International\/wp-json\/wp\/v2\/comments?post=129288"}],"version-history":[{"count":0,"href":"https:\/\/linitiative.ca\/International\/wp-json\/wp\/v2\/posts\/129288\/revisions"}],"wp:attachment":[{"href":"https:\/\/linitiative.ca\/International\/wp-json\/wp\/v2\/media?parent=129288"}],"wp:term":[{"taxonomy":"category","embeddable":true,"href":"https:\/\/linitiative.ca\/International\/wp-json\/wp\/v2\/categories?post=129288"},{"taxonomy":"post_tag","embeddable":true,"href":"https:\/\/linitiative.ca\/International\/wp-json\/wp\/v2\/tags?post=129288"}],"curies":[{"name":"wp","href":"https:\/\/api.w.org\/{rel}","templated":true}]}}