{"id":129289,"date":"2021-10-06T14:00:00","date_gmt":"2021-10-06T18:00:00","guid":{"rendered":"https:\/\/linitiative.ca\/International\/du-clic-au-declic\/"},"modified":"2021-10-06T14:00:00","modified_gmt":"2021-10-06T18:00:00","slug":"du-clic-au-declic","status":"publish","type":"post","link":"https:\/\/linitiative.ca\/International\/du-clic-au-declic\/","title":{"rendered":"Du clic au d\u00e9clic"},"content":{"rendered":"<div>\n<p class=\"has-black-color has-text-color\"><strong>Un clic, et rien ne va plus. L\u2019asservissement des individus et des groupes aux r\u00e9seaux sociaux est r\u00e9el. Une panne \u2026 et c\u2019est la \u00ab\u00a0tourmente\u00a0\u00bb.<\/strong><\/p>\n<p class=\"has-black-color has-text-color\">Si la cyber-ind\u00e9pendance n\u2019est pas pour demain, la cybers\u00e9curit\u00e9 est une urgence. Non seulement la s\u00e9curit\u00e9 des donn\u00e9es et de la vie priv\u00e9e des personnes, mais aussi la s\u00e9curit\u00e9 de ce droit \u00e0 la communication \u00e0 travers le bleu virtuel du cyberespace.Cet acc\u00e8s a \u00e9t\u00e9 un moment interdit par le grand op\u00e9rateur national qui s\u2019est l\u00e2ch\u00e9 sur cet arr\u00eat sous la pression des utilisateurs devenant de plus en plus nombreux.<\/p>\n<p class=\"has-black-color has-text-color\">Il faut dire que des milliards de personnes, \u00e0 travers le monde, ainsi que des entreprises, utilisent la technologie des r\u00e9seaux sociaux pour communiquer entre elles,dans le cadre priv\u00e9 ou dans celui du travail.Les profits sont immenses pour les propri\u00e9taires des r\u00e9seaux sociaux et la concurrence devient plus tenace au moment de ce genre de crise. Quoiqu\u2019il en soit pour la r\u00e9gulation de ce business, on reste dans notre beau pays, comme pour beaucoup d\u2019autres pour ne pas oser dire tous, sous la f\u00e9rule de M.Z. and Cie.<\/p>\n<p class=\"has-black-color has-text-color\">Le d\u00e9veloppement du num\u00e9rique dans notre pays n\u00e9cessite celui de la recherche scientifique et l\u2019\u00e9laboration d\u2019une strat\u00e9gie ad\u00e9quate pour que les algorithmes soient porteurs de d\u00e9veloppement durable et de libert\u00e9s individuelles et collectives. Il est aussi temps d\u2019exiger un pacte plan\u00e9taire r\u00e9gissant \u00ab\u00a0un cyberespace o\u00f9 r\u00e9gneraient les principes universels relatifs \u00e0 la paix et \u00e0 la s\u00e9curit\u00e9, aux droits humains et au d\u00e9veloppement durable\u00a0\u00bb.<\/p>\n<p class=\"has-black-color has-text-color\">Sur un autre chapitre, le clic n\u00e9cessaire pour la protection de la vie dans sa diversit\u00e9 et pr\u00e9server le futur n\u2019est pas encore compl\u00e9tement effectu\u00e9. Notre pays est concern\u00e9 par le bouleversement climatique annonc\u00e9. Le climat est un facteur principal du biotope des \u00eatres vivants et particuli\u00e8rement de la personne humaine. Il a permis des migrations, sans aucun visa, \u00e0 travers la plan\u00e8te et son impact sur l\u2019\u00e9volution humaine est certaine. C\u2019est en changeant de latitude et\/ou d\u2019altitude que l\u2019on s\u2019aper\u00e7oit des changements climatiques et de leurs cons\u00e9quences.<\/p>\n<p class=\"has-black-color has-text-color\">Comme la durabilit\u00e9 de notre d\u00e9veloppement est complexe, il s\u2019agit de tirer le\u00e7ons des exp\u00e9riences des autres pour \u00e9viter tout impact n\u00e9gatif dans la mise en \u0153uvre des politiques publiques. Qu\u2019il s\u2019agisse de l\u2019industrialisation, de l\u2019agriculture, de l\u2019urbanisation, du tourisme, de l\u2019exploitation des ressources naturelles et de toute autre activit\u00e9, le principe de pr\u00e9caution doit pr\u00e9valoir pour pr\u00e9venir la d\u00e9gradation de notre environnement. Le stress hydrique auquel le pays est soumis doit conduire \u00e0 une maitrise du cycle de l\u2019eau dans sa globalit\u00e9, de l\u2019utilisation individuelle \u00e0 l\u2019am\u00e9nagement du bassin versant. Le dessalement de l\u2019eau de mer est une solution industrielle pour disposer de l\u2019eau n\u00e9cessaire aux activit\u00e9s sans qu\u2019elle autorise pour autant une exploitation abusive, polluante et d\u00e9truisant les \u00e9cosyst\u00e8mes. Une nouvelle culture doit s\u2019acqu\u00e9rir d\u00e8s l\u2019enfance pour garantir la durabilit\u00e9 du d\u00e9veloppement eu \u00e9gard aux conditions de l\u2019environnement. Des d\u00e9clics dans le comportement doivent s\u2019imposer \u00e0 cet effet dans la vie quotidienne, en priv\u00e9 et en public.<\/p>\n<p class=\"has-black-color has-text-color\">Dans le m\u00eame ordre d\u2019id\u00e9es, le champ politique national devra dissiper le smog qui le couvre pour assurer la consolidation du processus d\u00e9mocratique. Les r\u00e9sultats des \u00e9lections g\u00e9n\u00e9rales ont apport\u00e9 un changement substantiel \u00e0 sa configuration. La majorit\u00e9 gouvernementale disposera du temps pour la mise en \u0153uvre des dispositions programmatiques annonc\u00e9es aussi bien dans le projet du nouveau mod\u00e8le de d\u00e9veloppement que dans les annonces de ses constituants. L\u2019attente est grande pour voir affirmer les r\u00e9formes n\u00e9cessaires aussi bien dans le domaine social que pour la relance de l\u2019\u00e9conomie et son \u00e9mergence. L\u2019espoir est grand pour d\u00e9passer les s\u00e9quelles de la pand\u00e9mie et assurer une croissance notable et un d\u00e9veloppement humain cons\u00e9quent. La confiance doit \u00eatre r\u00e9tablie dans l\u2019action politique \u00e0 tous les niveaux. La maturit\u00e9 temporelle du syst\u00e8me \u00e9lectoral doit lui permettre de donner \u00e0 la repr\u00e9sentativit\u00e9 populaire une signification lib\u00e9r\u00e9e de l\u2019emprise d\u00e9pravatrice de l\u2019argent et de ses b\u00e2tardises, ainsi que l\u2019\u00e9mergence prochaine d\u2019une \u00e9lite apte \u00e0 prendre \u00e0 bras le corps les politiques de proximit\u00e9 n\u00e9cessaires. Il est temps d\u2019agir maintenant pour que les prochaines \u00e9ch\u00e9ances \u00e9lectorales soient \u00ab\u00a0\u00e0 point\u00a0\u00bb le jour venu.<\/p>\n<p class=\"has-black-color has-text-color\">Le r\u00f4le de l\u2019opposition fera d\u2019elle l\u2019aiguillon vigilant pour aller de l\u2019avant, pr\u00e9server les acquis et r\u00e9aliser de nouveaux pour l\u2019\u00e9tablissement de la justice sociale et l\u2019\u00e9limination des disparit\u00e9s spatiales. Elle trouvera sa dynamique pour construire une alternative cr\u00e9dible. Cela ne se fera pas en un clic, m\u00eame si c\u2019est une affaire de d\u00e9clic\u00a0!<\/p>\n<p>L\u2019article <a rel=\"nofollow\" href=\"http:\/\/albayane.press.ma\/du-clic-au-declic.html\">Du clic au d\u00e9clic<\/a> est apparu en premier sur <a rel=\"nofollow\" href=\"http:\/\/albayane.press.ma\/\">ALBAYANE<\/a>.<\/p>\n<\/div>\n<p>Auteur: M&rsquo;hammed rahal<br \/>\n<a href=\"http:\/\/albayane.press.ma\/du-clic-au-declic.html\">Cliquez ici pour lire l&rsquo;article depuis sa source.<\/a><\/p>\n","protected":false},"excerpt":{"rendered":"<p>Un clic, et rien ne va plus. L\u2019asservissement des individus et des groupes aux r\u00e9seaux sociaux est r\u00e9el. Une panne \u2026 et c\u2019est la \u00ab\u00a0tourmente\u00a0\u00bb. Si la cyber-ind\u00e9pendance n\u2019est pas pour demain, la cybers\u00e9curit\u00e9 est une urgence. Non seulement la s\u00e9curit\u00e9 des donn\u00e9es et de la vie priv\u00e9e des personnes, mais aussi la s\u00e9curit\u00e9 de [&hellip;]<\/p>\n","protected":false},"author":1760,"featured_media":0,"comment_status":"closed","ping_status":"closed","sticky":false,"template":"","format":"standard","meta":{"fifu_image_url":"","fifu_image_alt":"","footnotes":""},"categories":[73,54],"tags":[],"class_list":["post-129289","post","type-post","status-publish","format-standard","hentry","category-actualite","category-maroc"],"_links":{"self":[{"href":"https:\/\/linitiative.ca\/International\/wp-json\/wp\/v2\/posts\/129289","targetHints":{"allow":["GET"]}}],"collection":[{"href":"https:\/\/linitiative.ca\/International\/wp-json\/wp\/v2\/posts"}],"about":[{"href":"https:\/\/linitiative.ca\/International\/wp-json\/wp\/v2\/types\/post"}],"author":[{"embeddable":true,"href":"https:\/\/linitiative.ca\/International\/wp-json\/wp\/v2\/users\/1760"}],"replies":[{"embeddable":true,"href":"https:\/\/linitiative.ca\/International\/wp-json\/wp\/v2\/comments?post=129289"}],"version-history":[{"count":0,"href":"https:\/\/linitiative.ca\/International\/wp-json\/wp\/v2\/posts\/129289\/revisions"}],"wp:attachment":[{"href":"https:\/\/linitiative.ca\/International\/wp-json\/wp\/v2\/media?parent=129289"}],"wp:term":[{"taxonomy":"category","embeddable":true,"href":"https:\/\/linitiative.ca\/International\/wp-json\/wp\/v2\/categories?post=129289"},{"taxonomy":"post_tag","embeddable":true,"href":"https:\/\/linitiative.ca\/International\/wp-json\/wp\/v2\/tags?post=129289"}],"curies":[{"name":"wp","href":"https:\/\/api.w.org\/{rel}","templated":true}]}}