{"id":129291,"date":"2021-10-07T05:43:48","date_gmt":"2021-10-07T09:43:48","guid":{"rendered":"https:\/\/linitiative.ca\/International\/ceremonie-dhommage-au-corps-enseignant\/"},"modified":"2021-10-07T05:43:48","modified_gmt":"2021-10-07T09:43:48","slug":"ceremonie-dhommage-au-corps-enseignant","status":"publish","type":"post","link":"https:\/\/linitiative.ca\/International\/ceremonie-dhommage-au-corps-enseignant\/","title":{"rendered":"C\u00e9r\u00e9monie d\u2019hommage au corps enseignant"},"content":{"rendered":"<div>\n<div style=\"margin-bottom:20px;\"><img loading=\"lazy\" decoding=\"async\" width=\"750\" height=\"430\" src=\"https:\/\/linitiative.ca\/International\/wp-content\/uploads\/sites\/23\/2021\/10\/cole-enseignant.jpg\" class=\"attachment-post-thumbnail size-post-thumbnail wp-post-image\" alt=\"\" srcset=\"https:\/\/linitiative.ca\/International\/wp-content\/uploads\/sites\/23\/2021\/10\/cole-enseignant.jpg 750w, http:\/\/www.mapmarrakech.ma\/map\/uploads\/2021\/10\/\u00e9cole-enseignant-300x172.jpg 300w\" sizes=\"auto, (max-width: 750px) 100vw, 750px\"><\/div>\n<p>Initi\u00e9e \u00e0 l\u2019occasion de la c\u00e9l\u00e9bration de la Journ\u00e9e mondiale des enseignants (5 octobre), cette action visait \u00e0 jeter la lumi\u00e8re sur les ressources humaines dont dispose le syst\u00e8me \u00e9ducatif et \u00e0 lib\u00e9rer leurs \u00e9nergies au service de l\u2019op\u00e9ration d\u2019enseignement et des apprenants.<\/p>\n<p>S\u2019exprimant \u00e0 cette occasion, le directeur provincial de l\u2019\u00e9ducation nationale \u00e0 Chichaoua, M. Rahal Naji, a soulign\u00e9 que la c\u00e9l\u00e9bration de cette journ\u00e9e se veut une reconnaissance des efforts d\u00e9ploy\u00e9s par les enseignants, ces hommes et femmes \u00e0 qui \u00ab\u00a0nous avons confi\u00e9 nos fils et filles\u00a0\u00bb, tout en louant les sacrifices consentis par l\u2019ensemble de ce corps au service de l\u2019\u00e9ducation des g\u00e9n\u00e9rations montantes et du syst\u00e8me \u00e9ducatif au niveau de la province.<\/p>\n<p>Cette c\u00e9r\u00e9monie a \u00e9t\u00e9 l\u2019occasion pour les \u00e9l\u00e8ves d\u2019interpr\u00e9ter une panoplie de chansons qui c\u00e9l\u00e8brent le corps enseignant et mettent en avant sa contribution pr\u00e9cieuse au d\u00e9veloppement des capacit\u00e9s et des comp\u00e9tences de l\u2019individu.<\/p>\n<p>Institu\u00e9e le 5 octobre 1994 par l\u2019Organisation Internationale du Travail (OIT) et l\u2019Organisation des Nations Unies pour l\u2019\u00e9ducation, la science et la culture (UNESCO), cette journ\u00e9e mondiale marque l\u2019adoption de la recommandation OIT\/UNESCO concernant la condition du personnel enseignant de 1966, et celle portant sur la condition du personnel enseignant de l\u2019enseignement sup\u00e9rieur, adopt\u00e9e en 1997.<\/p>\n<p>Ces deux recommandations constituent une r\u00e9f\u00e9rence solide pour la mise en place de politiques d\u2019enseignement efficaces, \u00e0 la fois pour les gouvernements et pour les autres acteurs du domaine de l\u2019\u00e9ducation.<\/p>\n<p>The post <a rel=\"nofollow\" href=\"http:\/\/www.mapmarrakech.ma\/fr\/la-direction-de-leducation-nationale-rend-hommage-au-corps-enseignant\/\">C\u00e9r\u00e9monie d\u2019hommage au corps enseignant<\/a> appeared first on <a rel=\"nofollow\" href=\"http:\/\/www.mapmarrakech.ma\/fr\">MapMarrakech<\/a>.<\/p>\n<\/div>\n<p>Auteur: Meriem IGASS<br \/>\n<a href=\"http:\/\/www.mapmarrakech.ma\/fr\/la-direction-de-leducation-nationale-rend-hommage-au-corps-enseignant\/\">Cliquez ici pour lire l&rsquo;article depuis sa source.<\/a><\/p>\n","protected":false},"excerpt":{"rendered":"<p>Initi\u00e9e \u00e0 l\u2019occasion de la c\u00e9l\u00e9bration de la Journ\u00e9e mondiale des enseignants (5 octobre), cette action visait \u00e0 jeter la lumi\u00e8re sur les ressources humaines dont dispose le syst\u00e8me \u00e9ducatif et \u00e0 lib\u00e9rer leurs \u00e9nergies au service de l\u2019op\u00e9ration d\u2019enseignement et des apprenants. S\u2019exprimant \u00e0 cette occasion, le directeur provincial de l\u2019\u00e9ducation nationale \u00e0 Chichaoua, [&hellip;]<\/p>\n","protected":false},"author":1788,"featured_media":0,"comment_status":"closed","ping_status":"closed","sticky":false,"template":"","format":"standard","meta":{"fifu_image_url":"http:\/\/www.mapmarrakech.ma\/map\/uploads\/2021\/10\/\u00e9cole-enseignant.jpg","fifu_image_alt":"C\u00e9r\u00e9monie d\u2019hommage au corps enseignant","footnotes":""},"categories":[54,76],"tags":[],"class_list":["post-129291","post","type-post","status-publish","format-standard","hentry","category-maroc","category-regions"],"_links":{"self":[{"href":"https:\/\/linitiative.ca\/International\/wp-json\/wp\/v2\/posts\/129291","targetHints":{"allow":["GET"]}}],"collection":[{"href":"https:\/\/linitiative.ca\/International\/wp-json\/wp\/v2\/posts"}],"about":[{"href":"https:\/\/linitiative.ca\/International\/wp-json\/wp\/v2\/types\/post"}],"author":[{"embeddable":true,"href":"https:\/\/linitiative.ca\/International\/wp-json\/wp\/v2\/users\/1788"}],"replies":[{"embeddable":true,"href":"https:\/\/linitiative.ca\/International\/wp-json\/wp\/v2\/comments?post=129291"}],"version-history":[{"count":0,"href":"https:\/\/linitiative.ca\/International\/wp-json\/wp\/v2\/posts\/129291\/revisions"}],"wp:attachment":[{"href":"https:\/\/linitiative.ca\/International\/wp-json\/wp\/v2\/media?parent=129291"}],"wp:term":[{"taxonomy":"category","embeddable":true,"href":"https:\/\/linitiative.ca\/International\/wp-json\/wp\/v2\/categories?post=129291"},{"taxonomy":"post_tag","embeddable":true,"href":"https:\/\/linitiative.ca\/International\/wp-json\/wp\/v2\/tags?post=129291"}],"curies":[{"name":"wp","href":"https:\/\/api.w.org\/{rel}","templated":true}]}}