{"id":129295,"date":"2021-10-07T09:12:15","date_gmt":"2021-10-07T13:12:15","guid":{"rendered":"https:\/\/linitiative.ca\/International\/sm-le-roi-adresse-vendredi-un-discours-au-parlement-a-loccasion-de-louverture-de-la-1ere-session-de-la-1ere-annee-legislative-de-la-11eme-legislature\/"},"modified":"2021-10-07T09:12:15","modified_gmt":"2021-10-07T13:12:15","slug":"sm-le-roi-adresse-vendredi-un-discours-au-parlement-a-loccasion-de-louverture-de-la-1ere-session-de-la-1ere-annee-legislative-de-la-11eme-legislature","status":"publish","type":"post","link":"https:\/\/linitiative.ca\/International\/sm-le-roi-adresse-vendredi-un-discours-au-parlement-a-loccasion-de-louverture-de-la-1ere-session-de-la-1ere-annee-legislative-de-la-11eme-legislature\/","title":{"rendered":"SM le Roi adresse vendredi un discours au parlement \u00e0 l\u2019occasion de l\u2019ouverture de la 1\u00e8re session de la 1\u00e8re ann\u00e9e l\u00e9gislative de la 11\u00e8me l\u00e9gislature"},"content":{"rendered":"<div>\n<div style=\"margin-bottom:20px;\"><img loading=\"lazy\" decoding=\"async\" width=\"750\" height=\"430\" src=\"https:\/\/linitiative.ca\/International\/wp-content\/uploads\/sites\/23\/2021\/10\/SM-le-Roi-1-1.jpg\" class=\"attachment-post-thumbnail size-post-thumbnail wp-post-image\" alt=\"\" srcset=\"https:\/\/linitiative.ca\/International\/wp-content\/uploads\/sites\/23\/2021\/10\/SM-le-Roi-1-1.jpg 750w, http:\/\/www.mapmarrakech.ma\/map\/uploads\/2021\/10\/SM-le-Roi-1-1-300x172.jpg 300w\" sizes=\"auto, (max-width: 750px) 100vw, 750px\"><\/div>\n<p>Voici la traduction du communiqu\u00e9 :<\/p>\n<p>\u00ab Le minist\u00e8re de la Maison Royale, du Protocole et de la Chancellerie annonce qu\u2019\u00e0 l\u2019occasion de l\u2019ouverture de la 1\u00e8re session de la 1\u00e8re ann\u00e9e l\u00e9gislative de la 11\u00e8me l\u00e9gislature, Sa Majest\u00e9 le Roi Mohammed VI, que Dieu L\u2019assiste et Le glorifie, va adresser un discours au parlement demain vendredi 8 octobre 2021.<\/p>\n<p>Compte tenu des mesures pr\u00e9ventives en vigueur impos\u00e9es par l\u2019\u00e9volution de la situation sanitaire, SM le Roi va adresser le discours d\u2019ouverture \u00e0 partir du Palais Royal. Le discours Royal sera diffus\u00e9 \u00e0 l\u2019int\u00e9rieur de l\u2019enceinte du parlement et retransmis sur les ondes de la radio et \u00e0 la t\u00e9l\u00e9vision demain \u00e0 partir de 16H00.<\/p>\n<p>Dans ce contexte, Sa Majest\u00e9 le Roi, que Dieu Le pr\u00e9serve, a donn\u00e9 Ses Hautes Orientations afin de garantir la s\u00e9curit\u00e9 des parlementaires, notamment \u00e0 travers le respect de l\u2019ensemble des mesures pr\u00e9ventives adopt\u00e9es \u00bb.<\/p>\n<p>The post <a rel=\"nofollow\" href=\"http:\/\/www.mapmarrakech.ma\/fr\/sm-le-roi-adresse-vendredi-un-discours-au-parlement-a-loccasion-de-louverture-de-la-1ere-session-de-la-1ere-annee-legislative-de-la-11eme-legislature\/\">SM le Roi adresse vendredi un discours au parlement \u00e0 l\u2019occasion de l\u2019ouverture de la 1\u00e8re session de la 1\u00e8re ann\u00e9e l\u00e9gislative de la 11\u00e8me l\u00e9gislature<\/a> appeared first on <a rel=\"nofollow\" href=\"http:\/\/www.mapmarrakech.ma\/fr\">MapMarrakech<\/a>.<\/p>\n<\/div>\n<p>Auteur: Meriem IGASS<br \/>\n<a href=\"http:\/\/www.mapmarrakech.ma\/fr\/sm-le-roi-adresse-vendredi-un-discours-au-parlement-a-loccasion-de-louverture-de-la-1ere-session-de-la-1ere-annee-legislative-de-la-11eme-legislature\/\">Cliquez ici pour lire l&rsquo;article depuis sa source.<\/a><\/p>\n","protected":false},"excerpt":{"rendered":"<p>Voici la traduction du communiqu\u00e9 : \u00ab Le minist\u00e8re de la Maison Royale, du Protocole et de la Chancellerie annonce qu\u2019\u00e0 l\u2019occasion de l\u2019ouverture de la 1\u00e8re session de la 1\u00e8re ann\u00e9e l\u00e9gislative de la 11\u00e8me l\u00e9gislature, Sa Majest\u00e9 le Roi Mohammed VI, que Dieu L\u2019assiste et Le glorifie, va adresser un discours au parlement [&hellip;]<\/p>\n","protected":false},"author":1788,"featured_media":0,"comment_status":"closed","ping_status":"closed","sticky":false,"template":"","format":"standard","meta":{"fifu_image_url":"http:\/\/www.mapmarrakech.ma\/map\/uploads\/2021\/10\/SM-le-Roi-1-1.jpg","fifu_image_alt":"SM le Roi adresse vendredi un discours au parlement \u00e0 l\u2019occasion de l\u2019ouverture de la 1\u00e8re session de la 1\u00e8re ann\u00e9e l\u00e9gislative de la 11\u00e8me l\u00e9gislature","footnotes":""},"categories":[54,76],"tags":[],"class_list":["post-129295","post","type-post","status-publish","format-standard","hentry","category-maroc","category-regions"],"_links":{"self":[{"href":"https:\/\/linitiative.ca\/International\/wp-json\/wp\/v2\/posts\/129295","targetHints":{"allow":["GET"]}}],"collection":[{"href":"https:\/\/linitiative.ca\/International\/wp-json\/wp\/v2\/posts"}],"about":[{"href":"https:\/\/linitiative.ca\/International\/wp-json\/wp\/v2\/types\/post"}],"author":[{"embeddable":true,"href":"https:\/\/linitiative.ca\/International\/wp-json\/wp\/v2\/users\/1788"}],"replies":[{"embeddable":true,"href":"https:\/\/linitiative.ca\/International\/wp-json\/wp\/v2\/comments?post=129295"}],"version-history":[{"count":0,"href":"https:\/\/linitiative.ca\/International\/wp-json\/wp\/v2\/posts\/129295\/revisions"}],"wp:attachment":[{"href":"https:\/\/linitiative.ca\/International\/wp-json\/wp\/v2\/media?parent=129295"}],"wp:term":[{"taxonomy":"category","embeddable":true,"href":"https:\/\/linitiative.ca\/International\/wp-json\/wp\/v2\/categories?post=129295"},{"taxonomy":"post_tag","embeddable":true,"href":"https:\/\/linitiative.ca\/International\/wp-json\/wp\/v2\/tags?post=129295"}],"curies":[{"name":"wp","href":"https:\/\/api.w.org\/{rel}","templated":true}]}}