{"id":129297,"date":"2021-10-07T13:17:19","date_gmt":"2021-10-07T17:17:19","guid":{"rendered":"https:\/\/linitiative.ca\/International\/partenariat-pour-la-recherche-scientifique-sur-le-cannabis\/"},"modified":"2021-10-07T13:17:19","modified_gmt":"2021-10-07T17:17:19","slug":"partenariat-pour-la-recherche-scientifique-sur-le-cannabis","status":"publish","type":"post","link":"https:\/\/linitiative.ca\/International\/partenariat-pour-la-recherche-scientifique-sur-le-cannabis\/","title":{"rendered":"Partenariat pour la recherche scientifique sur le cannabis"},"content":{"rendered":"<div>\n<div style=\"margin-bottom:20px;\"><img loading=\"lazy\" decoding=\"async\" width=\"750\" height=\"430\" src=\"https:\/\/linitiative.ca\/International\/wp-content\/uploads\/sites\/23\/2021\/10\/cannabis-copier.jpg\" class=\"attachment-post-thumbnail size-post-thumbnail wp-post-image\" alt=\"\" srcset=\"https:\/\/linitiative.ca\/International\/wp-content\/uploads\/sites\/23\/2021\/10\/cannabis-copier.jpg 750w, http:\/\/www.mapmarrakech.ma\/map\/uploads\/2021\/10\/cannabis-copier-300x172.jpg 300w\" sizes=\"auto, (max-width: 750px) 100vw, 750px\"><\/div>\n<p>Paraph\u00e9e par le pr\u00e9sident de l\u2019AMCUC, le professeur Redouane Rabii, et le pr\u00e9sident de l\u2019UM6P, M. Hicham El Habti, cette convention vise \u00e0 faire avancer la recherche scientifique et l\u2019encadrement juridico- \u00e9conomique de cette activit\u00e9 notamment, apr\u00e8s l\u2019adoption par le Maroc d\u2019un cadre l\u00e9gal sur les usages licites du cannabis \u00e0 des fins pharmaceutiques, cosm\u00e9tiques, et m\u00e9dicales.<\/p>\n<p>Ce partenariat s\u2019assigne aussi pour objectif de faire du Royaume une plateforme d\u2019innovations dans ce secteur.<\/p>\n<p>Dans une d\u00e9claration \u00e0 M24, la cha\u00eene t\u00e9l\u00e9vis\u00e9e de l\u2019information en continu de la MAP, le professeur Rabii, a indiqu\u00e9 que ce partenariat vise \u00e0 former les agriculteurs de la r\u00e9gion du Nord et \u00e0 mettre \u00e0 leur disposition, les meilleures technologies pour la culture du cannabis \u00e0 des fins pharmaceutiques, cosm\u00e9tiques, et m\u00e9dicales.<\/p>\n<p>Il a, de m\u00eame, fait remarquer que la signature de cette convention co\u00efncide avec l\u2019organisation prochaine \u00e0 Tanger du 1er Congr\u00e8s sur l\u2019utilisation licite des d\u00e9riv\u00e9s du cannabis, qui sera l\u2019occasion de donner un boost \u00e0 tous les acteurs industriels et universitaires dans ce domaine, et \u00e0 permettre au Maroc de passer \u00e0 la pratique et \u00e0 la mise en place des industries ad\u00e9quates en la mati\u00e8re.<\/p>\n<p>\u00ab\u00a0L\u2019industrie du cannabis et de ses d\u00e9riv\u00e9s \u00e0 des fins pharmaceutiques, cosm\u00e9tiques et param\u00e9dicales offre des opportunit\u00e9s pour booster l\u2019\u00e9conomie marocaine et permettre au Royaume de devenir l\u2019un des pays leaders dans le domaine\u00a0\u00bb, a-t-il insist\u00e9.<\/p>\n<p>De son c\u00f4t\u00e9, M. Ahmed Labied, membre de l\u2019AMCUC, a relev\u00e9 que ce partenariat permettra de faire avancer la recherche scientifique et l\u2019encadrement juridico- \u00e9conomique de cette activit\u00e9.<\/p>\n<p>\u00ab\u00a0A travers ce partenariat, nous souhaitons d\u00e9velopper des travaux de recherche scientifique n\u00e9cessaires, \u00e0 m\u00eame de permettre de hisser le Maroc au rang des pays leaders dans le domaine de l\u2019utilisation licite du cannabis et de ses d\u00e9riv\u00e9s pour des fins pharmaceutiques, th\u00e9rapeutiques et m\u00e9dicales\u00a0\u00bb, a-t-il expliqu\u00e9.<\/p>\n<p>Le Parlement, rappelle-t-on, avait adopt\u00e9 en mai dernier, le projet de loi N\u00b013.21 relatif aux usages licites du cannabis.<\/p>\n<p>Ce projet de loi, \u00e9labor\u00e9 en harmonie avec les engagements internationaux du Royaume, vise \u00e0 soumettre toutes les activit\u00e9s li\u00e9es \u00e0 la culture, \u00e0 la production, \u00e0 la transformation, au transport, \u00e0 la commercialisation, \u00e0 l\u2019exportation et \u00e0 l\u2019importation du cannabis et de ses produits \u00e0 un syst\u00e8me de licence.<\/p>\n<p>Ce projet de loi, explique-t-on, est de nature \u00e0 permettre la cr\u00e9ation d\u2019une nouvelle industrie manufacturi\u00e8re \u00e0 m\u00eame de valoriser le cannabis et ses d\u00e9riv\u00e9s pour des fins m\u00e9dicales et pharmaceutiques.<\/p>\n<p>The post <a rel=\"nofollow\" href=\"http:\/\/www.mapmarrakech.ma\/fr\/partenariat-pour-la-recherche-scientifique-sur-le-cannabis\/\">Partenariat pour la recherche scientifique sur le cannabis<\/a> appeared first on <a rel=\"nofollow\" href=\"http:\/\/www.mapmarrakech.ma\/fr\">MapMarrakech<\/a>.<\/p>\n<\/div>\n<p>Auteur: Meriem IGASS<br \/>\n<a href=\"http:\/\/www.mapmarrakech.ma\/fr\/partenariat-pour-la-recherche-scientifique-sur-le-cannabis\/\">Cliquez ici pour lire l&rsquo;article depuis sa source.<\/a><\/p>\n","protected":false},"excerpt":{"rendered":"<p>Paraph\u00e9e par le pr\u00e9sident de l\u2019AMCUC, le professeur Redouane Rabii, et le pr\u00e9sident de l\u2019UM6P, M. Hicham El Habti, cette convention vise \u00e0 faire avancer la recherche scientifique et l\u2019encadrement juridico- \u00e9conomique de cette activit\u00e9 notamment, apr\u00e8s l\u2019adoption par le Maroc d\u2019un cadre l\u00e9gal sur les usages licites du cannabis \u00e0 des fins pharmaceutiques, cosm\u00e9tiques, [&hellip;]<\/p>\n","protected":false},"author":1788,"featured_media":0,"comment_status":"closed","ping_status":"closed","sticky":false,"template":"","format":"standard","meta":{"fifu_image_url":"http:\/\/www.mapmarrakech.ma\/map\/uploads\/2021\/10\/cannabis-copier.jpg","fifu_image_alt":"Partenariat pour la recherche scientifique sur le cannabis","footnotes":""},"categories":[54,76],"tags":[],"class_list":["post-129297","post","type-post","status-publish","format-standard","hentry","category-maroc","category-regions"],"_links":{"self":[{"href":"https:\/\/linitiative.ca\/International\/wp-json\/wp\/v2\/posts\/129297","targetHints":{"allow":["GET"]}}],"collection":[{"href":"https:\/\/linitiative.ca\/International\/wp-json\/wp\/v2\/posts"}],"about":[{"href":"https:\/\/linitiative.ca\/International\/wp-json\/wp\/v2\/types\/post"}],"author":[{"embeddable":true,"href":"https:\/\/linitiative.ca\/International\/wp-json\/wp\/v2\/users\/1788"}],"replies":[{"embeddable":true,"href":"https:\/\/linitiative.ca\/International\/wp-json\/wp\/v2\/comments?post=129297"}],"version-history":[{"count":0,"href":"https:\/\/linitiative.ca\/International\/wp-json\/wp\/v2\/posts\/129297\/revisions"}],"wp:attachment":[{"href":"https:\/\/linitiative.ca\/International\/wp-json\/wp\/v2\/media?parent=129297"}],"wp:term":[{"taxonomy":"category","embeddable":true,"href":"https:\/\/linitiative.ca\/International\/wp-json\/wp\/v2\/categories?post=129297"},{"taxonomy":"post_tag","embeddable":true,"href":"https:\/\/linitiative.ca\/International\/wp-json\/wp\/v2\/tags?post=129297"}],"curies":[{"name":"wp","href":"https:\/\/api.w.org\/{rel}","templated":true}]}}