{"id":129299,"date":"2021-10-07T14:13:48","date_gmt":"2021-10-07T18:13:48","guid":{"rendered":"https:\/\/linitiative.ca\/International\/sm-le-roi-preside-la-ceremonie-de-nomination-des-membres-du-nouveau-gouvernement\/"},"modified":"2021-10-07T14:13:48","modified_gmt":"2021-10-07T18:13:48","slug":"sm-le-roi-preside-la-ceremonie-de-nomination-des-membres-du-nouveau-gouvernement","status":"publish","type":"post","link":"https:\/\/linitiative.ca\/International\/sm-le-roi-preside-la-ceremonie-de-nomination-des-membres-du-nouveau-gouvernement\/","title":{"rendered":"SM le Roi pr\u00e9side la c\u00e9r\u00e9monie de nomination des membres du nouveau gouvernement"},"content":{"rendered":"<div>\n<div style=\"margin-bottom:20px;\"><img loading=\"lazy\" decoding=\"async\" width=\"750\" height=\"430\" src=\"https:\/\/linitiative.ca\/International\/wp-content\/uploads\/sites\/23\/2021\/10\/SM-le-Roi_750x430.jpg\" class=\"attachment-post-thumbnail size-post-thumbnail wp-post-image\" alt=\"\" srcset=\"https:\/\/linitiative.ca\/International\/wp-content\/uploads\/sites\/23\/2021\/10\/SM-le-Roi_750x430.jpg 750w, http:\/\/www.mapmarrakech.ma\/map\/uploads\/2021\/10\/SM-le-Roi_750x430-300x172.jpg 300w\" sizes=\"auto, (max-width: 750px) 100vw, 750px\"><\/div>\n<p>Voici la composition du nouveau gouvernement:<\/p>\n<p>-Aziz Akhannouch: Chef du gouvernement.<\/p>\n<p>\u2013 Abdelouafi Laftit : Ministre de l\u2019Int\u00e9rieur.<\/p>\n<p>\u2013 Nasser Bourita: Ministre des Affaires \u00e9trang\u00e8res, de la coop\u00e9ration africaine et des Marocains r\u00e9sidant \u00e0 l\u2019\u00e9tranger.<\/p>\n<p>\u2013 Abdellatif Ouahbi : Ministre de la Justice.<\/p>\n<p>\u2013 Ahmed Toufiq: Ministre des Habous et des Affaires islamiques.<\/p>\n<p>\u2013 Mohamed Hajoui : Secr\u00e9taire g\u00e9n\u00e9ral de gouvernement.<\/p>\n<p>\u2013 Nadia Fettah Alaoui, ministre de l\u2019Economie et des Finances<\/p>\n<p>\u2013 Nizar Baraka, ministre de l\u2019Equipement et de l\u2019Eau<\/p>\n<p>\u2013 Chakib Benmoussa : ministre de l\u2019Education nationale, du Pr\u00e9scolaire et des Sports.<\/p>\n<p>\u2013 Nabila Rmili : ministre de la Sant\u00e9 et de la Protection sociale.<\/p>\n<p>\u2013 Fatima Ezzahra El Mansouri : ministre de l\u2019Am\u00e9nagement du territoire national, de l\u2019Urbanisme, de l\u2019Habitat et de la Politique de la ville.<\/p>\n<p>\u2013 Mohamed Sadiki : ministre de l\u2019Agriculture, de la P\u00eache maritime, du D\u00e9veloppement rural et des Eaux et For\u00eats.<\/p>\n<p>\u2013 Younes Sekkouri : ministre de l\u2019Inclusion \u00e9conomique, de la Petite entreprise, de l\u2019Emploi et des Comp\u00e9tences.<\/p>\n<p>\u2013 Ryad Mezzour : ministre de l\u2019Industrie et du Commerce.<\/p>\n<p>\u2013 Fatim-Zahra Ammor : ministre du Tourisme, de l\u2019Artisanat et de l\u2019Economie sociale et solidaire.<\/p>\n<p>\u2013 Abdellatif Miraoui : ministre de l\u2019Enseignement sup\u00e9rieur, de la recherche scientifique et de l\u2019innovation.<\/p>\n<p>\u2013 Leila Benali : ministre de la Transition \u00e9nerg\u00e9tique et du D\u00e9veloppement durable.<\/p>\n<p>\u2013 Mohamed Abdeljalil : ministre du Transport et de la Logistique.<\/p>\n<p>\u2013 Mohamed Mehdi Bensaid : ministre de la Jeunesse, de la Culture et de la Communication.<\/p>\n<p>\u2013 Aouatif Hayar : ministre de la Solidarit\u00e9, de l\u2019Insertion sociale et de la Famille.<\/p>\n<p>\u2013 Abdellatif Loudiyi : ministre d\u00e9l\u00e9gu\u00e9 aupr\u00e8s du Chef du gouvernement charg\u00e9 de l\u2019administration de la D\u00e9fense nationale.<\/p>\n<p>\u2013 Mohcine Jazouli : ministre d\u00e9l\u00e9gu\u00e9 aupr\u00e8s du chef du gouvernement charg\u00e9 de l\u2019Investissement, de la Convergence et de l\u2019\u00e9valuation des Politiques publiques.<\/p>\n<p>\u2013 Faouzi Lekjaa, ministre d\u00e9l\u00e9gu\u00e9 aupr\u00e8s du ministre de l\u2019Economie et des Finances, charg\u00e9 du Budget.<\/p>\n<p>\u2013 Mustapha Baitas : ministre d\u00e9l\u00e9gu\u00e9 aupr\u00e8s du chef du gouvernement charg\u00e9 des Relations avec le parlement, Porte-parole du gouvernement<\/p>\n<p>\u2013 Ghita Mezzour : ministre d\u00e9l\u00e9gu\u00e9 aupr\u00e8s du chef du gouvernement charg\u00e9 de la Transition num\u00e9rique et de la R\u00e9forme administrative.<\/p>\n<p>Il sera proc\u00e9d\u00e9 ult\u00e9rieurement \u00e0 la nomination de secr\u00e9taires d\u2019Etat dans certains d\u00e9partements minist\u00e9riels.<\/p>\n<p>A cette occasion, les membres du gouvernement nouvellement nomm\u00e9s ont pr\u00eat\u00e9 serment devant SM le Roi.<\/p>\n<p>A l\u2019issue de cette c\u00e9r\u00e9monie, le Souverain, accompagn\u00e9 de SAR le Prince H\u00e9ritier Moulay El Hassan et de SAR le prince Moulay Rachid , a pos\u00e9 pour une photo-souvenir avec les membres de la nouvelle \u00e9quipe gouvernementale.<\/p>\n<p>Cette c\u00e9r\u00e9monie s\u2019est d\u00e9roul\u00e9e en pr\u00e9sence \u00e9galement du chambellan de SM le Roi, Sidi Mohammed El Alaoui.<\/p>\n<p>The post <a rel=\"nofollow\" href=\"http:\/\/www.mapmarrakech.ma\/fr\/sm-le-roi-preside-la-ceremonie-de-nomination-des-membres-du-nouveau-gouvernement\/\">SM le Roi pr\u00e9side la c\u00e9r\u00e9monie de nomination des membres du nouveau gouvernement<\/a> appeared first on <a rel=\"nofollow\" href=\"http:\/\/www.mapmarrakech.ma\/fr\">MapMarrakech<\/a>.<\/p>\n<\/div>\n<p>Auteur: Meriem IGASS<br \/>\n<a href=\"http:\/\/www.mapmarrakech.ma\/fr\/sm-le-roi-preside-la-ceremonie-de-nomination-des-membres-du-nouveau-gouvernement\/\">Cliquez ici pour lire l&rsquo;article depuis sa source.<\/a><\/p>\n","protected":false},"excerpt":{"rendered":"<p>Voici la composition du nouveau gouvernement: -Aziz Akhannouch: Chef du gouvernement. \u2013 Abdelouafi Laftit : Ministre de l\u2019Int\u00e9rieur. \u2013 Nasser Bourita: Ministre des Affaires \u00e9trang\u00e8res, de la coop\u00e9ration africaine et des Marocains r\u00e9sidant \u00e0 l\u2019\u00e9tranger. \u2013 Abdellatif Ouahbi : Ministre de la Justice. \u2013 Ahmed Toufiq: Ministre des Habous et des Affaires islamiques. \u2013 Mohamed [&hellip;]<\/p>\n","protected":false},"author":1788,"featured_media":0,"comment_status":"closed","ping_status":"closed","sticky":false,"template":"","format":"standard","meta":{"fifu_image_url":"http:\/\/www.mapmarrakech.ma\/map\/uploads\/2021\/10\/SM-le-Roi_750x430.jpg","fifu_image_alt":"SM le Roi pr\u00e9side la c\u00e9r\u00e9monie de nomination des membres du nouveau gouvernement","footnotes":""},"categories":[54,76],"tags":[],"class_list":["post-129299","post","type-post","status-publish","format-standard","hentry","category-maroc","category-regions"],"_links":{"self":[{"href":"https:\/\/linitiative.ca\/International\/wp-json\/wp\/v2\/posts\/129299","targetHints":{"allow":["GET"]}}],"collection":[{"href":"https:\/\/linitiative.ca\/International\/wp-json\/wp\/v2\/posts"}],"about":[{"href":"https:\/\/linitiative.ca\/International\/wp-json\/wp\/v2\/types\/post"}],"author":[{"embeddable":true,"href":"https:\/\/linitiative.ca\/International\/wp-json\/wp\/v2\/users\/1788"}],"replies":[{"embeddable":true,"href":"https:\/\/linitiative.ca\/International\/wp-json\/wp\/v2\/comments?post=129299"}],"version-history":[{"count":0,"href":"https:\/\/linitiative.ca\/International\/wp-json\/wp\/v2\/posts\/129299\/revisions"}],"wp:attachment":[{"href":"https:\/\/linitiative.ca\/International\/wp-json\/wp\/v2\/media?parent=129299"}],"wp:term":[{"taxonomy":"category","embeddable":true,"href":"https:\/\/linitiative.ca\/International\/wp-json\/wp\/v2\/categories?post=129299"},{"taxonomy":"post_tag","embeddable":true,"href":"https:\/\/linitiative.ca\/International\/wp-json\/wp\/v2\/tags?post=129299"}],"curies":[{"name":"wp","href":"https:\/\/api.w.org\/{rel}","templated":true}]}}