{"id":129302,"date":"2021-10-07T09:50:40","date_gmt":"2021-10-07T13:50:40","guid":{"rendered":"https:\/\/linitiative.ca\/International\/representants-election-samedi-du-president-de-la-chambre\/"},"modified":"2021-10-07T09:50:40","modified_gmt":"2021-10-07T13:50:40","slug":"representants-election-samedi-du-president-de-la-chambre","status":"publish","type":"post","link":"https:\/\/linitiative.ca\/International\/representants-election-samedi-du-president-de-la-chambre\/","title":{"rendered":"Repr\u00e9sentants: \u00e9lection samedi du pr\u00e9sident de la Chambre"},"content":{"rendered":"<div>\n<div class=\"field field-name-body field-type-text-with-summary field-label-hidden\">\n<div class=\"field-items\">\n<div class=\"field-item even\" property=\"content:encoded\">\n<p class=\"rtejustify\">La Chambre des repr\u00e9sentants tiendra samedi une s\u00e9ance pl\u00e9ni\u00e8re consacr\u00e9e \u00e0 l&rsquo;\u00e9lection du pr\u00e9sident de la Chambre.<\/p>\n<p class=\"rtejustify\">Le pr\u00e9sident du bureau provisoire de la Chambre, Abdelwahed Radi a indiqu\u00e9 que la s\u00e9ance, qui d\u00e9butera \u00e0 15h00, se tiendra conform\u00e9ment aux dispositions de l\u2019article 62 de la Constitution et de l\u2019article 21 du r\u00e8glement int\u00e9rieur de l&rsquo;institution l\u00e9gislative.<\/p>\n<\/div>\n<\/div>\n<\/div>\n<\/div>\n<p>Auteur: mbasraoui<br \/>\n<a href=\"https:\/\/www.leconomiste.com\/flash-infos\/representants-election-samedi-du-president-de-la-chambre\">Cliquez ici pour lire l&rsquo;article depuis sa source.<\/a><\/p>\n","protected":false},"excerpt":{"rendered":"<p>La Chambre des repr\u00e9sentants tiendra samedi une s\u00e9ance pl\u00e9ni\u00e8re consacr\u00e9e \u00e0 l&rsquo;\u00e9lection du pr\u00e9sident de la Chambre. Le pr\u00e9sident du bureau provisoire de la Chambre, Abdelwahed Radi a indiqu\u00e9 que la s\u00e9ance, qui d\u00e9butera \u00e0 15h00, se tiendra conform\u00e9ment aux dispositions de l\u2019article 62 de la Constitution et de l\u2019article 21 du r\u00e8glement int\u00e9rieur de [&hellip;]<\/p>\n","protected":false},"author":1763,"featured_media":0,"comment_status":"closed","ping_status":"closed","sticky":false,"template":"","format":"standard","meta":{"fifu_image_url":"","fifu_image_alt":"","footnotes":""},"categories":[78,54],"tags":[],"class_list":["post-129302","post","type-post","status-publish","format-standard","hentry","category-economie","category-maroc"],"_links":{"self":[{"href":"https:\/\/linitiative.ca\/International\/wp-json\/wp\/v2\/posts\/129302","targetHints":{"allow":["GET"]}}],"collection":[{"href":"https:\/\/linitiative.ca\/International\/wp-json\/wp\/v2\/posts"}],"about":[{"href":"https:\/\/linitiative.ca\/International\/wp-json\/wp\/v2\/types\/post"}],"author":[{"embeddable":true,"href":"https:\/\/linitiative.ca\/International\/wp-json\/wp\/v2\/users\/1763"}],"replies":[{"embeddable":true,"href":"https:\/\/linitiative.ca\/International\/wp-json\/wp\/v2\/comments?post=129302"}],"version-history":[{"count":0,"href":"https:\/\/linitiative.ca\/International\/wp-json\/wp\/v2\/posts\/129302\/revisions"}],"wp:attachment":[{"href":"https:\/\/linitiative.ca\/International\/wp-json\/wp\/v2\/media?parent=129302"}],"wp:term":[{"taxonomy":"category","embeddable":true,"href":"https:\/\/linitiative.ca\/International\/wp-json\/wp\/v2\/categories?post=129302"},{"taxonomy":"post_tag","embeddable":true,"href":"https:\/\/linitiative.ca\/International\/wp-json\/wp\/v2\/tags?post=129302"}],"curies":[{"name":"wp","href":"https:\/\/api.w.org\/{rel}","templated":true}]}}