{"id":129303,"date":"2021-10-07T09:53:26","date_gmt":"2021-10-07T13:53:26","guid":{"rendered":"https:\/\/linitiative.ca\/International\/ouverture-du-parlement-nombre-limite-de-parlementaires-sur-place\/"},"modified":"2021-10-07T09:53:26","modified_gmt":"2021-10-07T13:53:26","slug":"ouverture-du-parlement-nombre-limite-de-parlementaires-sur-place","status":"publish","type":"post","link":"https:\/\/linitiative.ca\/International\/ouverture-du-parlement-nombre-limite-de-parlementaires-sur-place\/","title":{"rendered":"Ouverture du parlement: nombre limit\u00e9 de parlementaires sur place"},"content":{"rendered":"<div>\n<div class=\"field field-name-body field-type-text-with-summary field-label-hidden\">\n<div class=\"field-items\">\n<div class=\"field-item even\" property=\"content:encoded\">\n<p>La pr\u00e9sence \u00e0 la s\u00e9ance d\u2019ouverture de la premi\u00e8re session de la premi\u00e8re ann\u00e9e l\u00e9gislative de la 11\u00e8me l\u00e9gislature, pr\u00e9vue vendredi, sera r\u00e9duite \u00e0 un nombre limit\u00e9 de parlementaires des partis politiques, des organisations professionnelles des employeurs et des repr\u00e9sentants des salari\u00e9s dans les deux Chambres du parlement.<\/p>\n<\/div>\n<\/div>\n<\/div>\n<\/div>\n<p>Auteur: mbasraoui<br \/>\n<a href=\"https:\/\/www.leconomiste.com\/flash-infos\/ouverture-du-parlement-nombre-limite-de-parlementaires-sur-place\">Cliquez ici pour lire l&rsquo;article depuis sa source.<\/a><\/p>\n","protected":false},"excerpt":{"rendered":"<p>La pr\u00e9sence \u00e0 la s\u00e9ance d\u2019ouverture de la premi\u00e8re session de la premi\u00e8re ann\u00e9e l\u00e9gislative de la 11\u00e8me l\u00e9gislature, pr\u00e9vue vendredi, sera r\u00e9duite \u00e0 un nombre limit\u00e9 de parlementaires des partis politiques, des organisations professionnelles des employeurs et des repr\u00e9sentants des salari\u00e9s dans les deux Chambres du parlement. Auteur: mbasraoui Cliquez ici pour lire l&rsquo;article [&hellip;]<\/p>\n","protected":false},"author":1763,"featured_media":0,"comment_status":"closed","ping_status":"closed","sticky":false,"template":"","format":"standard","meta":{"fifu_image_url":"","fifu_image_alt":"","footnotes":""},"categories":[78,54],"tags":[],"class_list":["post-129303","post","type-post","status-publish","format-standard","hentry","category-economie","category-maroc"],"_links":{"self":[{"href":"https:\/\/linitiative.ca\/International\/wp-json\/wp\/v2\/posts\/129303","targetHints":{"allow":["GET"]}}],"collection":[{"href":"https:\/\/linitiative.ca\/International\/wp-json\/wp\/v2\/posts"}],"about":[{"href":"https:\/\/linitiative.ca\/International\/wp-json\/wp\/v2\/types\/post"}],"author":[{"embeddable":true,"href":"https:\/\/linitiative.ca\/International\/wp-json\/wp\/v2\/users\/1763"}],"replies":[{"embeddable":true,"href":"https:\/\/linitiative.ca\/International\/wp-json\/wp\/v2\/comments?post=129303"}],"version-history":[{"count":0,"href":"https:\/\/linitiative.ca\/International\/wp-json\/wp\/v2\/posts\/129303\/revisions"}],"wp:attachment":[{"href":"https:\/\/linitiative.ca\/International\/wp-json\/wp\/v2\/media?parent=129303"}],"wp:term":[{"taxonomy":"category","embeddable":true,"href":"https:\/\/linitiative.ca\/International\/wp-json\/wp\/v2\/categories?post=129303"},{"taxonomy":"post_tag","embeddable":true,"href":"https:\/\/linitiative.ca\/International\/wp-json\/wp\/v2\/tags?post=129303"}],"curies":[{"name":"wp","href":"https:\/\/api.w.org\/{rel}","templated":true}]}}