{"id":129325,"date":"2021-10-07T10:00:00","date_gmt":"2021-10-07T14:00:00","guid":{"rendered":"https:\/\/linitiative.ca\/International\/la-constitution-politique-de-la-norvege-un-autre-regime-parlementaire-qui-na-jamais-connu-de-crise-politique-majeure-empechant-la-gestion-du-pays\/"},"modified":"2021-10-07T10:00:00","modified_gmt":"2021-10-07T14:00:00","slug":"la-constitution-politique-de-la-norvege-un-autre-regime-parlementaire-qui-na-jamais-connu-de-crise-politique-majeure-empechant-la-gestion-du-pays","status":"publish","type":"post","link":"https:\/\/linitiative.ca\/International\/la-constitution-politique-de-la-norvege-un-autre-regime-parlementaire-qui-na-jamais-connu-de-crise-politique-majeure-empechant-la-gestion-du-pays\/","title":{"rendered":"La constitution politique de la Norv\u00e8ge: un autre r\u00e9gime parlementaire qui n\u2019a jamais connu de crise politique majeure emp\u00eachant la gestion du pays"},"content":{"rendered":"<div><img decoding=\"async\" src=\"https:\/\/linitiative.ca\/International\/wp-content\/uploads\/sites\/23\/2021\/10\/1633423572_article.jpg\" alt=\"Introduction \u00e0 la constitution politique de la Norv\u00e8ge: Un autre r\u00e9gime parlementaire qui n\u2019a jamais connu de crise politique majeure emp\u00eachant la gestion du pays\" align=\"left\">Par Dr. Ezzeddine Ben Hamida &#8211; A l\u2019instar du r\u00e9gime allemand, le r\u00e9gime parlementaire norv\u00e9gien compar\u00e9 aux autres r\u00e9gimes parlementaires des grandes\u00a0 d\u00e9mocraties peut \u00eatre consid\u00e9r\u00e9 comme \u00e9tant un des r\u00e9gimes parlementaires le plus stable et le plus fiable dans le monde.\u00a0 Il se caract\u00e9rise, comme tous les r\u00e9gimes parlementaires, par une s\u00e9paration flexible (souple) des pouvoirs ex\u00e9cutif et l\u00e9gislatif.\u00a0<br \/>\nIl se rapproche beaucoup de celui de l\u2019Angleterre, \u00e0 quelques exceptions pr\u00e8s: il s\u2019agit en effet d\u2019un mod\u00e8le\u00a0 o\u00f9 le Premier ministre est nomm\u00e9 en fonction de la majorit\u00e9 et o\u00f9 le pouvoir du Roi est tr\u00e8s limit\u00e9. Contrairement au pouvoir l\u00e9gislatif qui &#8230;<\/p>\n<\/div>\n<p>Auteur:<br \/>\n<a href=\"https:\/\/www.leaders.com.tn\/article\/32487-introduction-a-la-constitution-politique-de-la-norvege-un-autre-regime-parlementaire-qui-n-a-jamais-connu-de-crise-politique-majeure-empechant-la-gestion-du-pays\">Cliquez ici pour lire l&rsquo;article depuis sa source.<\/a><\/p>\n","protected":false},"excerpt":{"rendered":"<p>Par Dr. Ezzeddine Ben Hamida &#8211; A l\u2019instar du r\u00e9gime allemand, le r\u00e9gime parlementaire norv\u00e9gien compar\u00e9 aux autres r\u00e9gimes parlementaires des grandes\u00a0 d\u00e9mocraties peut \u00eatre consid\u00e9r\u00e9 comme \u00e9tant un des r\u00e9gimes parlementaires le plus stable et le plus fiable dans le monde.\u00a0 Il se caract\u00e9rise, comme tous les r\u00e9gimes parlementaires, par une s\u00e9paration flexible (souple) [&hellip;]<\/p>\n","protected":false},"author":1772,"featured_media":0,"comment_status":"closed","ping_status":"closed","sticky":false,"template":"","format":"standard","meta":{"fifu_image_url":"http:\/\/www.leaders.com.tn\/uploads\/content\/thumbnails_small\/1633423572_article.jpg","fifu_image_alt":"La constitution politique de la Norv\u00e8ge: un autre r\u00e9gime parlementaire qui n\u2019a jamais connu de crise politique majeure emp\u00eachant la gestion du pays","footnotes":""},"categories":[73,55],"tags":[],"class_list":["post-129325","post","type-post","status-publish","format-standard","hentry","category-actualite","category-tunisie"],"_links":{"self":[{"href":"https:\/\/linitiative.ca\/International\/wp-json\/wp\/v2\/posts\/129325","targetHints":{"allow":["GET"]}}],"collection":[{"href":"https:\/\/linitiative.ca\/International\/wp-json\/wp\/v2\/posts"}],"about":[{"href":"https:\/\/linitiative.ca\/International\/wp-json\/wp\/v2\/types\/post"}],"author":[{"embeddable":true,"href":"https:\/\/linitiative.ca\/International\/wp-json\/wp\/v2\/users\/1772"}],"replies":[{"embeddable":true,"href":"https:\/\/linitiative.ca\/International\/wp-json\/wp\/v2\/comments?post=129325"}],"version-history":[{"count":0,"href":"https:\/\/linitiative.ca\/International\/wp-json\/wp\/v2\/posts\/129325\/revisions"}],"wp:attachment":[{"href":"https:\/\/linitiative.ca\/International\/wp-json\/wp\/v2\/media?parent=129325"}],"wp:term":[{"taxonomy":"category","embeddable":true,"href":"https:\/\/linitiative.ca\/International\/wp-json\/wp\/v2\/categories?post=129325"},{"taxonomy":"post_tag","embeddable":true,"href":"https:\/\/linitiative.ca\/International\/wp-json\/wp\/v2\/tags?post=129325"}],"curies":[{"name":"wp","href":"https:\/\/api.w.org\/{rel}","templated":true}]}}