{"id":129328,"date":"2021-10-07T14:28:22","date_gmt":"2021-10-07T18:28:22","guid":{"rendered":"https:\/\/linitiative.ca\/International\/qui-est-nasser-bourita-ministre-des-affaires-etrangeres-de-la-cooperation-africaine-et-des-marocains-residant-a-letranger\/"},"modified":"2021-10-07T14:28:22","modified_gmt":"2021-10-07T18:28:22","slug":"qui-est-nasser-bourita-ministre-des-affaires-etrangeres-de-la-cooperation-africaine-et-des-marocains-residant-a-letranger","status":"publish","type":"post","link":"https:\/\/linitiative.ca\/International\/qui-est-nasser-bourita-ministre-des-affaires-etrangeres-de-la-cooperation-africaine-et-des-marocains-residant-a-letranger\/","title":{"rendered":"Qui est Nasser Bourita, Ministre des Affaires \u00e9trang\u00e8res, de la coop\u00e9ration africaine et des Marocains r\u00e9sidant \u00e0 l\u2019\u00e9tranger ?"},"content":{"rendered":"<div><img decoding=\"async\" width=\"780\" height=\"468\" src=\"https:\/\/linitiative.ca\/International\/wp-content\/uploads\/sites\/23\/2021\/10\/bourita.jpg\" class=\"attachment-post-thumbnail size-post-thumbnail wp-post-image\" alt=\"\" loading=\"lazy\" srcset=\"https:\/\/linitiative.ca\/International\/wp-content\/uploads\/sites\/23\/2021\/10\/bourita.jpg 780w, https:\/\/www.challenge.ma\/wp-content\/uploads\/2021\/10\/bourita-300x180.jpg 300w, https:\/\/www.challenge.ma\/wp-content\/uploads\/2021\/10\/bourita-768x461.jpg 768w, https:\/\/www.challenge.ma\/wp-content\/uploads\/2021\/10\/bourita-360x216.jpg 360w, https:\/\/www.challenge.ma\/wp-content\/uploads\/2021\/10\/bourita-750x450.jpg 750w\" sizes=\"auto, (max-width: 780px) 100vw, 780px\" itemprop=\"image\">Le Roi Mohammed VI a nomm\u00e9, jeudi 7 octobre, les membres du nouveau gouvernement. Retour sur le parcours de Nasser Bourita, Ministre des Affaires \u00e9trang\u00e8res, de la coop\u00e9ration africaine et des Marocains r\u00e9sidant \u00e0 l\u2019\u00e9tranger ?\u00a0\u00a0\u00a0 Le Chef de la diplomatie marocaine a \u00e9t\u00e9 reconduit \u00e0 son poste par le<\/div>\n<p>Auteur: challenge<br \/>\n<a href=\"https:\/\/www.challenge.ma\/qui-est-nasser-bourita-ministre-des-affaires-etrangeres-de-la-cooperation-africaine-et-des-marocains-residant-a-letranger-222804\/\">Cliquez ici pour lire l&rsquo;article depuis sa source.<\/a><\/p>\n","protected":false},"excerpt":{"rendered":"<p>Le Roi Mohammed VI a nomm\u00e9, jeudi 7 octobre, les membres du nouveau gouvernement. Retour sur le parcours de Nasser Bourita, Ministre des Affaires \u00e9trang\u00e8res, de la coop\u00e9ration africaine et des Marocains r\u00e9sidant \u00e0 l\u2019\u00e9tranger ?\u00a0\u00a0\u00a0 Le Chef de la diplomatie marocaine a \u00e9t\u00e9 reconduit \u00e0 son poste par le Auteur: challenge Cliquez ici pour [&hellip;]<\/p>\n","protected":false},"author":1787,"featured_media":0,"comment_status":"closed","ping_status":"closed","sticky":false,"template":"","format":"standard","meta":{"fifu_image_url":"https:\/\/www.challenge.ma\/wp-content\/uploads\/2021\/10\/bourita.jpg","fifu_image_alt":"Qui est Nasser Bourita, Ministre des Affaires \u00e9trang\u00e8res, de la coop\u00e9ration africaine et des Marocains r\u00e9sidant \u00e0 l\u2019\u00e9tranger ?","footnotes":""},"categories":[78,54],"tags":[],"class_list":["post-129328","post","type-post","status-publish","format-standard","hentry","category-economie","category-maroc"],"_links":{"self":[{"href":"https:\/\/linitiative.ca\/International\/wp-json\/wp\/v2\/posts\/129328","targetHints":{"allow":["GET"]}}],"collection":[{"href":"https:\/\/linitiative.ca\/International\/wp-json\/wp\/v2\/posts"}],"about":[{"href":"https:\/\/linitiative.ca\/International\/wp-json\/wp\/v2\/types\/post"}],"author":[{"embeddable":true,"href":"https:\/\/linitiative.ca\/International\/wp-json\/wp\/v2\/users\/1787"}],"replies":[{"embeddable":true,"href":"https:\/\/linitiative.ca\/International\/wp-json\/wp\/v2\/comments?post=129328"}],"version-history":[{"count":0,"href":"https:\/\/linitiative.ca\/International\/wp-json\/wp\/v2\/posts\/129328\/revisions"}],"wp:attachment":[{"href":"https:\/\/linitiative.ca\/International\/wp-json\/wp\/v2\/media?parent=129328"}],"wp:term":[{"taxonomy":"category","embeddable":true,"href":"https:\/\/linitiative.ca\/International\/wp-json\/wp\/v2\/categories?post=129328"},{"taxonomy":"post_tag","embeddable":true,"href":"https:\/\/linitiative.ca\/International\/wp-json\/wp\/v2\/tags?post=129328"}],"curies":[{"name":"wp","href":"https:\/\/api.w.org\/{rel}","templated":true}]}}