{"id":129330,"date":"2021-10-07T16:33:26","date_gmt":"2021-10-07T20:33:26","guid":{"rendered":"https:\/\/linitiative.ca\/International\/qui-est-mehdi-bensaid-ministre-de-la-jeunesse-de-la-culture-et-de-la-communication\/"},"modified":"2021-10-07T16:33:26","modified_gmt":"2021-10-07T20:33:26","slug":"qui-est-mehdi-bensaid-ministre-de-la-jeunesse-de-la-culture-et-de-la-communication","status":"publish","type":"post","link":"https:\/\/linitiative.ca\/International\/qui-est-mehdi-bensaid-ministre-de-la-jeunesse-de-la-culture-et-de-la-communication\/","title":{"rendered":"Qui est Mehdi Bensaid, Ministre  de la Jeunesse, de la Culture et de la Communication?"},"content":{"rendered":"<div><img decoding=\"async\" width=\"800\" height=\"500\" src=\"https:\/\/linitiative.ca\/International\/wp-content\/uploads\/sites\/23\/2021\/10\/meeehdi.jpg\" class=\"attachment-post-thumbnail size-post-thumbnail wp-post-image\" alt=\"\" loading=\"lazy\" srcset=\"https:\/\/linitiative.ca\/International\/wp-content\/uploads\/sites\/23\/2021\/10\/meeehdi.jpg 800w, https:\/\/www.challenge.ma\/wp-content\/uploads\/2021\/10\/meeehdi-300x188.jpg 300w, https:\/\/www.challenge.ma\/wp-content\/uploads\/2021\/10\/meeehdi-768x480.jpg 768w, https:\/\/www.challenge.ma\/wp-content\/uploads\/2021\/10\/meeehdi-360x225.jpg 360w, https:\/\/www.challenge.ma\/wp-content\/uploads\/2021\/10\/meeehdi-750x469.jpg 750w\" sizes=\"auto, (max-width: 800px) 100vw, 800px\" itemprop=\"image\">Le Roi Mohammed VI a nomm\u00e9, jeudi 7 octobre, les membres du nouveau gouvernement. Retour sur le parcours de Mehdi Bensaid, Ministre de la Jeunesse, de la Culture et de la Communication. L\u2019ancien pr\u00e9sident de la Commission des affaires \u00e9trang\u00e8res au Parlement, Mehdi Bensaid (PAM), \u00e2g\u00e9 de seulement 37 ans,<\/div>\n<p>Auteur: challenge<br \/>\n<a href=\"https:\/\/www.challenge.ma\/qui-est-mehdi-bensaid-ministre-de-la-jeunesse-de-la-culture-et-de-la-communication-222820\/\">Cliquez ici pour lire l&rsquo;article depuis sa source.<\/a><\/p>\n","protected":false},"excerpt":{"rendered":"<p>Le Roi Mohammed VI a nomm\u00e9, jeudi 7 octobre, les membres du nouveau gouvernement. Retour sur le parcours de Mehdi Bensaid, Ministre de la Jeunesse, de la Culture et de la Communication. L\u2019ancien pr\u00e9sident de la Commission des affaires \u00e9trang\u00e8res au Parlement, Mehdi Bensaid (PAM), \u00e2g\u00e9 de seulement 37 ans, Auteur: challenge Cliquez ici pour [&hellip;]<\/p>\n","protected":false},"author":1787,"featured_media":0,"comment_status":"closed","ping_status":"closed","sticky":false,"template":"","format":"standard","meta":{"fifu_image_url":"https:\/\/www.challenge.ma\/wp-content\/uploads\/2021\/10\/meeehdi.jpg","fifu_image_alt":"Qui est Mehdi Bensaid, Ministre  de la Jeunesse, de la Culture et de la Communication?","footnotes":""},"categories":[78,54],"tags":[],"class_list":["post-129330","post","type-post","status-publish","format-standard","hentry","category-economie","category-maroc"],"_links":{"self":[{"href":"https:\/\/linitiative.ca\/International\/wp-json\/wp\/v2\/posts\/129330","targetHints":{"allow":["GET"]}}],"collection":[{"href":"https:\/\/linitiative.ca\/International\/wp-json\/wp\/v2\/posts"}],"about":[{"href":"https:\/\/linitiative.ca\/International\/wp-json\/wp\/v2\/types\/post"}],"author":[{"embeddable":true,"href":"https:\/\/linitiative.ca\/International\/wp-json\/wp\/v2\/users\/1787"}],"replies":[{"embeddable":true,"href":"https:\/\/linitiative.ca\/International\/wp-json\/wp\/v2\/comments?post=129330"}],"version-history":[{"count":0,"href":"https:\/\/linitiative.ca\/International\/wp-json\/wp\/v2\/posts\/129330\/revisions"}],"wp:attachment":[{"href":"https:\/\/linitiative.ca\/International\/wp-json\/wp\/v2\/media?parent=129330"}],"wp:term":[{"taxonomy":"category","embeddable":true,"href":"https:\/\/linitiative.ca\/International\/wp-json\/wp\/v2\/categories?post=129330"},{"taxonomy":"post_tag","embeddable":true,"href":"https:\/\/linitiative.ca\/International\/wp-json\/wp\/v2\/tags?post=129330"}],"curies":[{"name":"wp","href":"https:\/\/api.w.org\/{rel}","templated":true}]}}