{"id":129332,"date":"2021-10-07T16:49:34","date_gmt":"2021-10-07T20:49:34","guid":{"rendered":"https:\/\/linitiative.ca\/International\/qui-est-ryad-mezzour-ministre-de-lindustrie-et-du-commerce\/"},"modified":"2021-10-07T16:49:34","modified_gmt":"2021-10-07T20:49:34","slug":"qui-est-ryad-mezzour-ministre-de-lindustrie-et-du-commerce","status":"publish","type":"post","link":"https:\/\/linitiative.ca\/International\/qui-est-ryad-mezzour-ministre-de-lindustrie-et-du-commerce\/","title":{"rendered":"Qui est Ryad Mezzour, ministre de l\u2019Industrie et du Commerce ?"},"content":{"rendered":"<div><img decoding=\"async\" width=\"640\" height=\"339\" src=\"https:\/\/linitiative.ca\/International\/wp-content\/uploads\/sites\/23\/2021\/10\/RYAD.jpg\" class=\"attachment-post-thumbnail size-post-thumbnail wp-post-image\" alt=\"\" loading=\"lazy\" srcset=\"https:\/\/linitiative.ca\/International\/wp-content\/uploads\/sites\/23\/2021\/10\/RYAD.jpg 640w, https:\/\/www.challenge.ma\/wp-content\/uploads\/2021\/10\/RYAD-300x159.jpg 300w, https:\/\/www.challenge.ma\/wp-content\/uploads\/2021\/10\/RYAD-360x191.jpg 360w\" sizes=\"auto, (max-width: 640px) 100vw, 640px\" itemprop=\"image\">Le Roi Mohammed VI a nomm\u00e9, jeudi 7 octobre, les membres du nouveau gouvernement. Retour sur le parcours de Ryad Mezzour, ministre de l\u2019Industrie et du Commerce.\u00a0 Moulay Hafid Elalamy \u00e9tait attendu pour continuer \u00e0 diriger le D\u00e9partement de l\u2019Industrie et du Commerce. Mais, ce minist\u00e8re a \u00e9t\u00e9 finalement confi\u00e9<\/div>\n<p>Auteur: challenge<br \/>\n<a href=\"https:\/\/www.challenge.ma\/qui-est-ryad-mezzour-ministre-de-lindustrie-et-du-commerce-222836\/\">Cliquez ici pour lire l&rsquo;article depuis sa source.<\/a><\/p>\n","protected":false},"excerpt":{"rendered":"<p>Le Roi Mohammed VI a nomm\u00e9, jeudi 7 octobre, les membres du nouveau gouvernement. Retour sur le parcours de Ryad Mezzour, ministre de l\u2019Industrie et du Commerce.\u00a0 Moulay Hafid Elalamy \u00e9tait attendu pour continuer \u00e0 diriger le D\u00e9partement de l\u2019Industrie et du Commerce. Mais, ce minist\u00e8re a \u00e9t\u00e9 finalement confi\u00e9 Auteur: challenge Cliquez ici pour [&hellip;]<\/p>\n","protected":false},"author":1787,"featured_media":0,"comment_status":"closed","ping_status":"closed","sticky":false,"template":"","format":"standard","meta":{"fifu_image_url":"https:\/\/www.challenge.ma\/wp-content\/uploads\/2021\/10\/RYAD.jpg","fifu_image_alt":"Qui est Ryad Mezzour, ministre de l\u2019Industrie et du Commerce ?","footnotes":""},"categories":[78,54],"tags":[],"class_list":["post-129332","post","type-post","status-publish","format-standard","hentry","category-economie","category-maroc"],"_links":{"self":[{"href":"https:\/\/linitiative.ca\/International\/wp-json\/wp\/v2\/posts\/129332","targetHints":{"allow":["GET"]}}],"collection":[{"href":"https:\/\/linitiative.ca\/International\/wp-json\/wp\/v2\/posts"}],"about":[{"href":"https:\/\/linitiative.ca\/International\/wp-json\/wp\/v2\/types\/post"}],"author":[{"embeddable":true,"href":"https:\/\/linitiative.ca\/International\/wp-json\/wp\/v2\/users\/1787"}],"replies":[{"embeddable":true,"href":"https:\/\/linitiative.ca\/International\/wp-json\/wp\/v2\/comments?post=129332"}],"version-history":[{"count":0,"href":"https:\/\/linitiative.ca\/International\/wp-json\/wp\/v2\/posts\/129332\/revisions"}],"wp:attachment":[{"href":"https:\/\/linitiative.ca\/International\/wp-json\/wp\/v2\/media?parent=129332"}],"wp:term":[{"taxonomy":"category","embeddable":true,"href":"https:\/\/linitiative.ca\/International\/wp-json\/wp\/v2\/categories?post=129332"},{"taxonomy":"post_tag","embeddable":true,"href":"https:\/\/linitiative.ca\/International\/wp-json\/wp\/v2\/tags?post=129332"}],"curies":[{"name":"wp","href":"https:\/\/api.w.org\/{rel}","templated":true}]}}