{"id":129336,"date":"2021-10-07T17:15:15","date_gmt":"2021-10-07T21:15:15","guid":{"rendered":"https:\/\/linitiative.ca\/International\/qui-est-faouzi-lekjaa-ministre-delegue-aupres-du-ministre-de-leconomie-et-des-finances-charge-du-budget\/"},"modified":"2021-10-07T17:15:15","modified_gmt":"2021-10-07T21:15:15","slug":"qui-est-faouzi-lekjaa-ministre-delegue-aupres-du-ministre-de-leconomie-et-des-finances-charge-du-budget","status":"publish","type":"post","link":"https:\/\/linitiative.ca\/International\/qui-est-faouzi-lekjaa-ministre-delegue-aupres-du-ministre-de-leconomie-et-des-finances-charge-du-budget\/","title":{"rendered":"Qui est Faouzi Lekjaa, ministre d\u00e9l\u00e9gu\u00e9 aupr\u00e8s du ministre de l\u2019Economie et des Finances, charg\u00e9 du Budget ?"},"content":{"rendered":"<div><img decoding=\"async\" width=\"592\" height=\"296\" src=\"https:\/\/linitiative.ca\/International\/wp-content\/uploads\/sites\/23\/2021\/10\/le.jpg\" class=\"attachment-post-thumbnail size-post-thumbnail wp-post-image\" alt=\"\" loading=\"lazy\" srcset=\"https:\/\/linitiative.ca\/International\/wp-content\/uploads\/sites\/23\/2021\/10\/le.jpg 592w, https:\/\/www.challenge.ma\/wp-content\/uploads\/2021\/10\/le-300x150.jpg 300w, https:\/\/www.challenge.ma\/wp-content\/uploads\/2021\/10\/le-360x180.jpg 360w\" sizes=\"auto, (max-width: 592px) 100vw, 592px\" itemprop=\"image\">Le Roi Mohammed VI a nomm\u00e9, jeudi 7 octobre, les membres du nouveau gouvernement. Retour sur le parcours de Faouzi Lekjaa, ministre d\u00e9l\u00e9gu\u00e9 aupr\u00e8s du ministre de l\u2019Economie et des Finances, charg\u00e9 du Budget. Fouzi Lekjaa, n\u00e9 le\u00a023\u00a0juillet\u00a01970\u00a0\u00e0\u00a0Berkane\u00a0(Maroc), est un homme d\u2019affaires et un dirigeant sportif marocain de\u00a0football, pr\u00e9sident de<\/div>\n<p>Auteur: challenge<br \/>\n<a href=\"https:\/\/www.challenge.ma\/qui-est-faouzi-lekjaa-ministre-delegue-aupres-du-ministre-de-leconomie-et-des-finances-charge-du-budget-222842\/\">Cliquez ici pour lire l&rsquo;article depuis sa source.<\/a><\/p>\n","protected":false},"excerpt":{"rendered":"<p>Le Roi Mohammed VI a nomm\u00e9, jeudi 7 octobre, les membres du nouveau gouvernement. Retour sur le parcours de Faouzi Lekjaa, ministre d\u00e9l\u00e9gu\u00e9 aupr\u00e8s du ministre de l\u2019Economie et des Finances, charg\u00e9 du Budget. Fouzi Lekjaa, n\u00e9 le\u00a023\u00a0juillet\u00a01970\u00a0\u00e0\u00a0Berkane\u00a0(Maroc), est un homme d\u2019affaires et un dirigeant sportif marocain de\u00a0football, pr\u00e9sident de Auteur: challenge Cliquez ici pour [&hellip;]<\/p>\n","protected":false},"author":1787,"featured_media":0,"comment_status":"closed","ping_status":"closed","sticky":false,"template":"","format":"standard","meta":{"fifu_image_url":"https:\/\/www.challenge.ma\/wp-content\/uploads\/2021\/10\/le.jpg","fifu_image_alt":"Qui est Faouzi Lekjaa, ministre d\u00e9l\u00e9gu\u00e9 aupr\u00e8s du ministre de l\u2019Economie et des Finances, charg\u00e9 du Budget ?","footnotes":""},"categories":[78,54],"tags":[],"class_list":["post-129336","post","type-post","status-publish","format-standard","hentry","category-economie","category-maroc"],"_links":{"self":[{"href":"https:\/\/linitiative.ca\/International\/wp-json\/wp\/v2\/posts\/129336","targetHints":{"allow":["GET"]}}],"collection":[{"href":"https:\/\/linitiative.ca\/International\/wp-json\/wp\/v2\/posts"}],"about":[{"href":"https:\/\/linitiative.ca\/International\/wp-json\/wp\/v2\/types\/post"}],"author":[{"embeddable":true,"href":"https:\/\/linitiative.ca\/International\/wp-json\/wp\/v2\/users\/1787"}],"replies":[{"embeddable":true,"href":"https:\/\/linitiative.ca\/International\/wp-json\/wp\/v2\/comments?post=129336"}],"version-history":[{"count":0,"href":"https:\/\/linitiative.ca\/International\/wp-json\/wp\/v2\/posts\/129336\/revisions"}],"wp:attachment":[{"href":"https:\/\/linitiative.ca\/International\/wp-json\/wp\/v2\/media?parent=129336"}],"wp:term":[{"taxonomy":"category","embeddable":true,"href":"https:\/\/linitiative.ca\/International\/wp-json\/wp\/v2\/categories?post=129336"},{"taxonomy":"post_tag","embeddable":true,"href":"https:\/\/linitiative.ca\/International\/wp-json\/wp\/v2\/tags?post=129336"}],"curies":[{"name":"wp","href":"https:\/\/api.w.org\/{rel}","templated":true}]}}