{"id":129339,"date":"2021-10-07T16:55:35","date_gmt":"2021-10-07T20:55:35","guid":{"rendered":"https:\/\/linitiative.ca\/International\/la-finlande-la-suede-et-le-danemark-arretent-lutilisation-du-vaccin-moderna-chez-les-jeunes\/"},"modified":"2021-10-07T16:55:35","modified_gmt":"2021-10-07T20:55:35","slug":"la-finlande-la-suede-et-le-danemark-arretent-lutilisation-du-vaccin-moderna-chez-les-jeunes","status":"publish","type":"post","link":"https:\/\/linitiative.ca\/International\/la-finlande-la-suede-et-le-danemark-arretent-lutilisation-du-vaccin-moderna-chez-les-jeunes\/","title":{"rendered":"La Finlande, la Su\u00e8de et le Danemark arr\u00eatent l\u2019utilisation du vaccin Moderna chez les jeunes"},"content":{"rendered":"<div>\n<p>Les autorit\u00e9s sanitaires finlandaises ont annonc\u00e9, ce jeudi, arr\u00eater l\u2019utilisation du vaccin anti covid de Moderna, chez les jeunes de moins de 30 ans. La Finlande devient le troisi\u00e8me pays, en deux jours \u00e0 prendre cette d\u00e9cision, apr\u00e8s La Su\u00e8de qui a interdit ce vaccin chez les moins de 30 ans, et le Danemark qui [\u2026]<\/p>\n<p>L\u2019article <a href=\"https:\/\/www.tunisienumerique.com\/la-finlande-la-suede-et-le-danemark-arretent-lutilisation-du-vaccin-moderna-chez-les-jeunes\/\">La Finlande, la Su\u00e8de et le Danemark arr\u00eatent l\u2019utilisation du vaccin Moderna chez les jeunes<\/a> est apparu en premier sur <a href=\"https:\/\/www.tunisienumerique.com\/\">Tunisie<\/a>.<\/p>\n<\/div>\n<p>Auteur: LM<br \/>\n<a href=\"https:\/\/www.tunisienumerique.com\/la-finlande-la-suede-et-le-danemark-arretent-lutilisation-du-vaccin-moderna-chez-les-jeunes\/\">Cliquez ici pour lire l&rsquo;article depuis sa source.<\/a><\/p>\n","protected":false},"excerpt":{"rendered":"<p>Les autorit\u00e9s sanitaires finlandaises ont annonc\u00e9, ce jeudi, arr\u00eater l\u2019utilisation du vaccin anti covid de Moderna, chez les jeunes de moins de 30 ans. La Finlande devient le troisi\u00e8me pays, en deux jours \u00e0 prendre cette d\u00e9cision, apr\u00e8s La Su\u00e8de qui a interdit ce vaccin chez les moins de 30 ans, et le Danemark qui [&hellip;]<\/p>\n","protected":false},"author":1789,"featured_media":0,"comment_status":"closed","ping_status":"closed","sticky":false,"template":"","format":"standard","meta":{"fifu_image_url":"","fifu_image_alt":"","footnotes":""},"categories":[73,55],"tags":[],"class_list":["post-129339","post","type-post","status-publish","format-standard","hentry","category-actualite","category-tunisie"],"_links":{"self":[{"href":"https:\/\/linitiative.ca\/International\/wp-json\/wp\/v2\/posts\/129339","targetHints":{"allow":["GET"]}}],"collection":[{"href":"https:\/\/linitiative.ca\/International\/wp-json\/wp\/v2\/posts"}],"about":[{"href":"https:\/\/linitiative.ca\/International\/wp-json\/wp\/v2\/types\/post"}],"author":[{"embeddable":true,"href":"https:\/\/linitiative.ca\/International\/wp-json\/wp\/v2\/users\/1789"}],"replies":[{"embeddable":true,"href":"https:\/\/linitiative.ca\/International\/wp-json\/wp\/v2\/comments?post=129339"}],"version-history":[{"count":0,"href":"https:\/\/linitiative.ca\/International\/wp-json\/wp\/v2\/posts\/129339\/revisions"}],"wp:attachment":[{"href":"https:\/\/linitiative.ca\/International\/wp-json\/wp\/v2\/media?parent=129339"}],"wp:term":[{"taxonomy":"category","embeddable":true,"href":"https:\/\/linitiative.ca\/International\/wp-json\/wp\/v2\/categories?post=129339"},{"taxonomy":"post_tag","embeddable":true,"href":"https:\/\/linitiative.ca\/International\/wp-json\/wp\/v2\/tags?post=129339"}],"curies":[{"name":"wp","href":"https:\/\/api.w.org\/{rel}","templated":true}]}}