{"id":129345,"date":"2021-10-07T11:20:17","date_gmt":"2021-10-07T15:20:17","guid":{"rendered":"https:\/\/linitiative.ca\/International\/conseil-national-des-personnes-agees-le-president-demande-le-soutien-et-ladhesion-du-chef-de-letat\/"},"modified":"2021-10-07T11:20:17","modified_gmt":"2021-10-07T15:20:17","slug":"conseil-national-des-personnes-agees-le-president-demande-le-soutien-et-ladhesion-du-chef-de-letat","status":"publish","type":"post","link":"https:\/\/linitiative.ca\/International\/conseil-national-des-personnes-agees-le-president-demande-le-soutien-et-ladhesion-du-chef-de-letat\/","title":{"rendered":"Conseil national des personnes \u00e2g\u00e9es : Le pr\u00e9sident demande le soutien et l\u2019adh\u00e9sion du chef de l\u2019Etat"},"content":{"rendered":"<div>\n<p>Le pr\u00e9sident du Faso, Roch Marc Christian Kabor\u00e9, a accord\u00e9 une audience ce jeudi 7 octobre 2021 au pr\u00e9sident du Conseil national des personnes \u00e2g\u00e9es du Burkina Faso, Joseph Andr\u00e9 Tiendrebeogo. Il s\u2019est agi de pr\u00e9senter au chef de l\u2019Etat la structure qui existe depuis 2002, mais m\u00e9connue \u00e0 cause des insuffisances de ses textes fondamentaux. Mais selon le pr\u00e9sident du Conseil national des personnes \u00e2g\u00e9es, les textes ont \u00e9t\u00e9 relus depuis 2019 et \u00ab nous fonctionnons sous un nouveau format avec une adh\u00e9sion de plus de 3000 personnes \u00e2g\u00e9es, ce qui nous permet de localiser les gens et d\u2019apporter notre aide surtout aux personnes vuln\u00e9rables en cas de besoin \u00bb.<\/p>\n<p>Tiendrebeogo a par ailleurs expos\u00e9 au pr\u00e9sident du Faso, le travail de mobilisation du nouveau bureau ainsi que les perspectives de la structure pour les ann\u00e9es \u00e0 venir.<\/p>\n<p>\u00ab Nous avons \u00e9galement fait cas de la loi 024 d\u2019octobre 2016 portant protection et promotion des droits des personnes \u00e2g\u00e9es pour voir dans quelle mesure, des d\u00e9crets d\u2019application peuvent \u00eatre pris pour permettre aux personnes \u00e2g\u00e9es de b\u00e9n\u00e9ficier de certains avantages en mati\u00e8re de prise en charge sanitaire, de transport \u00bb, a indiqu\u00e9 Joseph Andr\u00e9 Tiendrebeogo.<\/p>\n<p>Apr\u00e8s avoir \u00e9cout\u00e9 les conseils et suggestions du pr\u00e9sident du Faso, Joseph Andr\u00e9 Tiendrebeogo a souhait\u00e9 le soutien et l\u2019adh\u00e9sion de Roch Marc Christian Kabor\u00e9 \u00ab non seulement en tant que premier magistrat du pays, mais aussi en tant que personne \u00e2g\u00e9e \u00bb.<\/p>\n<p>Direction de la communication de la pr\u00e9sidence du Faso<\/p>\n<p>L\u2019article <a rel=\"nofollow\" href=\"https:\/\/www.sidwaya.info\/blog\/2021\/10\/07\/conseil-national-des-personnes-agees-president-demande-le-soutien-et-ladhesion-du-chef-de-letat\/\">Conseil national des personnes \u00e2g\u00e9es : Le pr\u00e9sident demande le soutien et l\u2019adh\u00e9sion du chef de l\u2019Etat<\/a> est apparu en premier sur <a rel=\"nofollow\" href=\"https:\/\/www.sidwaya.info\/\">Quotidien Sidwaya<\/a>.<\/p>\n<\/div>\n<p>Auteur: BANGRE SIDWAYA<br \/>\n<a href=\"https:\/\/www.sidwaya.info\/blog\/2021\/10\/07\/conseil-national-des-personnes-agees-president-demande-le-soutien-et-ladhesion-du-chef-de-letat\/\">Cliquez ici pour lire l&rsquo;article depuis sa source.<\/a><\/p>\n","protected":false},"excerpt":{"rendered":"<p>Le pr\u00e9sident du Faso, Roch Marc Christian Kabor\u00e9, a accord\u00e9 une audience ce jeudi 7 octobre 2021 au pr\u00e9sident du Conseil national des personnes \u00e2g\u00e9es du Burkina Faso, Joseph Andr\u00e9 Tiendrebeogo. Il s\u2019est agi de pr\u00e9senter au chef de l\u2019Etat la structure qui existe depuis 2002, mais m\u00e9connue \u00e0 cause des insuffisances de ses textes [&hellip;]<\/p>\n","protected":false},"author":1816,"featured_media":0,"comment_status":"closed","ping_status":"closed","sticky":false,"template":"","format":"standard","meta":{"fifu_image_url":"","fifu_image_alt":"","footnotes":""},"categories":[73,81],"tags":[],"class_list":["post-129345","post","type-post","status-publish","format-standard","hentry","category-actualite","category-burkina-faso"],"_links":{"self":[{"href":"https:\/\/linitiative.ca\/International\/wp-json\/wp\/v2\/posts\/129345","targetHints":{"allow":["GET"]}}],"collection":[{"href":"https:\/\/linitiative.ca\/International\/wp-json\/wp\/v2\/posts"}],"about":[{"href":"https:\/\/linitiative.ca\/International\/wp-json\/wp\/v2\/types\/post"}],"author":[{"embeddable":true,"href":"https:\/\/linitiative.ca\/International\/wp-json\/wp\/v2\/users\/1816"}],"replies":[{"embeddable":true,"href":"https:\/\/linitiative.ca\/International\/wp-json\/wp\/v2\/comments?post=129345"}],"version-history":[{"count":0,"href":"https:\/\/linitiative.ca\/International\/wp-json\/wp\/v2\/posts\/129345\/revisions"}],"wp:attachment":[{"href":"https:\/\/linitiative.ca\/International\/wp-json\/wp\/v2\/media?parent=129345"}],"wp:term":[{"taxonomy":"category","embeddable":true,"href":"https:\/\/linitiative.ca\/International\/wp-json\/wp\/v2\/categories?post=129345"},{"taxonomy":"post_tag","embeddable":true,"href":"https:\/\/linitiative.ca\/International\/wp-json\/wp\/v2\/tags?post=129345"}],"curies":[{"name":"wp","href":"https:\/\/api.w.org\/{rel}","templated":true}]}}