{"id":129346,"date":"2021-10-07T11:40:26","date_gmt":"2021-10-07T15:40:26","guid":{"rendered":"https:\/\/linitiative.ca\/International\/chambre-des-mines-le-nouveau-bureau-chez-le-president-du-faso\/"},"modified":"2021-10-07T11:40:26","modified_gmt":"2021-10-07T15:40:26","slug":"chambre-des-mines-le-nouveau-bureau-chez-le-president-du-faso","status":"publish","type":"post","link":"https:\/\/linitiative.ca\/International\/chambre-des-mines-le-nouveau-bureau-chez-le-president-du-faso\/","title":{"rendered":"Chambre des mines : le nouveau bureau chez le pr\u00e9sident du Faso"},"content":{"rendered":"<div>\n<p>Le pr\u00e9sident du Faso Roch Marc Christian Kabor\u00e9 a re\u00e7u en audience dans la matin\u00e9e ce jeudi 7 octobre 2021, le nouveau bureau de la Chambre des mines du Burkina Faso, conduit par son pr\u00e9sident Adama Soro. Il s\u2019est agi de : \u00ab pr\u00e9senter le nouveau bureau de la Chambre des mines au pr\u00e9sident du Faso, recueillir ses conseils et avis pour la bonne conduite du mandat \u00bb, a d\u00e9clar\u00e9 Adama Soro, \u00e0 sa sortie d\u2019audience.<\/p>\n<p><img decoding=\"async\" loading=\"lazy\" class=\"wp-image-40472 alignleft\" src=\"https:\/\/linitiative.ca\/International\/wp-content\/uploads\/sites\/23\/2021\/10\/mine1-200x300-1.jpg\" alt=\"\" width=\"306\" height=\"459\" srcset=\"https:\/\/linitiative.ca\/International\/wp-content\/uploads\/sites\/23\/2021\/10\/mine1-200x300-1.jpg 200w, https:\/\/www.sidwaya.info\/wp-content\/uploads\/2021\/10\/mine1-682x1024.jpg 682w, https:\/\/www.sidwaya.info\/wp-content\/uploads\/2021\/10\/mine1-768x1154.jpg 768w, https:\/\/www.sidwaya.info\/wp-content\/uploads\/2021\/10\/mine1-150x225.jpg 150w, https:\/\/www.sidwaya.info\/wp-content\/uploads\/2021\/10\/mine1-300x451.jpg 300w, https:\/\/www.sidwaya.info\/wp-content\/uploads\/2021\/10\/mine1-696x1046.jpg 696w, https:\/\/www.sidwaya.info\/wp-content\/uploads\/2021\/10\/mine1-280x420.jpg 280w, https:\/\/www.sidwaya.info\/wp-content\/uploads\/2021\/10\/mine1.jpg 900w\" sizes=\"auto, (max-width: 306px) 100vw, 306px\"><\/p>\n<p style=\"text-align: left\">Selon M. Soro, le bureau place son mandat sous le signe de la dynamisation avec trois objectifs majeurs \u00e0 atteindre : \u00ab Remobiliser les membres, repositionner notre secteur comme un levier de d\u00e9veloppement socio-\u00e9conomique pour tout le Burkina Faso et poursuivre la collaboration avec l\u2019Etat \u00bb a-t-il d\u00e9taill\u00e9.<\/p>\n<p style=\"text-align: left\">Questionn\u00e9 sur l\u2019impact de la situation s\u00e9curitaire et de l\u2019orpaillage artisanal sur le secteur, Adama Soro a expliqu\u00e9 qu\u2019en ce qui concerne la situation s\u00e9curitaire, la Chambre des mines \u00ab fait ce qu\u2019elle peut avec les autorit\u00e9s comp\u00e9tentes pour la lutte contre ce ph\u00e9nom\u00e8ne de l\u2019ins\u00e9curit\u00e9 \u00bb.<\/p>\n<p>Pour ce qui est de l\u2019orpaillage, le pr\u00e9sident de la Chambre des mines a pr\u00e9cis\u00e9 que le gouvernement suit le dossier et que des concertations se poursuivent. \u00ab Avec notre ministre de tutelle nous avons eu des s\u00e9ances de travail donc nous continuons sous leur autorit\u00e9 \u00e0 voir comment on peut trouver les voies et moyens pour une meilleure cohabitation avec l\u2019activit\u00e9 \u00bb, a soutenu Adama Soro.<\/p>\n<p>Direction de la communication de la pr\u00e9sidence du Faso<\/p>\n<p><a href=\"https:\/\/www.facebook.com\/Presidence.bf\/photos\/pcb.1877144249134503\/1877144102467851\/?__cft__%5B0%5D=AZXR-GOgNMdwqSph-5FUbNZDgIuhhbRXPBL6KXXR2XHV5dMUKJbCrvlmy-EqsO5qCxv6Ttl49RKN6cWgE7MVu5lld02Zc8e8uaPC-F7-P6GqLDzzj86dUIoBFsSSFuM05Exb51V8w5LBtasZKcfHUC8M&amp;__tn__=*bH-R\">\u00a0<\/a><\/p>\n<p>L\u2019article <a rel=\"nofollow\" href=\"https:\/\/www.sidwaya.info\/blog\/2021\/10\/07\/chambre-des-mines-le-nouveau-bureau-chez-le-president-du-faso\/\">Chambre des mines : le nouveau bureau chez le pr\u00e9sident du Faso<\/a> est apparu en premier sur <a rel=\"nofollow\" href=\"https:\/\/www.sidwaya.info\/\">Quotidien Sidwaya<\/a>.<\/p>\n<\/div>\n<p>Auteur: BANGRE SIDWAYA<br \/>\n<a href=\"https:\/\/www.sidwaya.info\/blog\/2021\/10\/07\/chambre-des-mines-le-nouveau-bureau-chez-le-president-du-faso\/\">Cliquez ici pour lire l&rsquo;article depuis sa source.<\/a><\/p>\n","protected":false},"excerpt":{"rendered":"<p>Le pr\u00e9sident du Faso Roch Marc Christian Kabor\u00e9 a re\u00e7u en audience dans la matin\u00e9e ce jeudi 7 octobre 2021, le nouveau bureau de la Chambre des mines du Burkina Faso, conduit par son pr\u00e9sident Adama Soro. Il s\u2019est agi de : \u00ab pr\u00e9senter le nouveau bureau de la Chambre des mines au pr\u00e9sident du [&hellip;]<\/p>\n","protected":false},"author":1816,"featured_media":0,"comment_status":"closed","ping_status":"closed","sticky":false,"template":"","format":"standard","meta":{"fifu_image_url":"https:\/\/www.sidwaya.info\/wp-content\/uploads\/2021\/10\/mine1-200x300.jpg","fifu_image_alt":"Chambre des mines : le nouveau bureau chez le pr\u00e9sident du Faso","footnotes":""},"categories":[73,81],"tags":[],"class_list":["post-129346","post","type-post","status-publish","format-standard","hentry","category-actualite","category-burkina-faso"],"_links":{"self":[{"href":"https:\/\/linitiative.ca\/International\/wp-json\/wp\/v2\/posts\/129346","targetHints":{"allow":["GET"]}}],"collection":[{"href":"https:\/\/linitiative.ca\/International\/wp-json\/wp\/v2\/posts"}],"about":[{"href":"https:\/\/linitiative.ca\/International\/wp-json\/wp\/v2\/types\/post"}],"author":[{"embeddable":true,"href":"https:\/\/linitiative.ca\/International\/wp-json\/wp\/v2\/users\/1816"}],"replies":[{"embeddable":true,"href":"https:\/\/linitiative.ca\/International\/wp-json\/wp\/v2\/comments?post=129346"}],"version-history":[{"count":0,"href":"https:\/\/linitiative.ca\/International\/wp-json\/wp\/v2\/posts\/129346\/revisions"}],"wp:attachment":[{"href":"https:\/\/linitiative.ca\/International\/wp-json\/wp\/v2\/media?parent=129346"}],"wp:term":[{"taxonomy":"category","embeddable":true,"href":"https:\/\/linitiative.ca\/International\/wp-json\/wp\/v2\/categories?post=129346"},{"taxonomy":"post_tag","embeddable":true,"href":"https:\/\/linitiative.ca\/International\/wp-json\/wp\/v2\/tags?post=129346"}],"curies":[{"name":"wp","href":"https:\/\/api.w.org\/{rel}","templated":true}]}}