{"id":129348,"date":"2021-10-07T17:42:49","date_gmt":"2021-10-07T21:42:49","guid":{"rendered":"https:\/\/linitiative.ca\/International\/le-temps-de-la-patrie-linsubmersible-et-eternel-revenant\/"},"modified":"2021-10-07T17:42:49","modified_gmt":"2021-10-07T21:42:49","slug":"le-temps-de-la-patrie-linsubmersible-et-eternel-revenant","status":"publish","type":"post","link":"https:\/\/linitiative.ca\/International\/le-temps-de-la-patrie-linsubmersible-et-eternel-revenant\/","title":{"rendered":"Le temps de la patrie : l\u2019insubmersible et \u00e9ternel revenant"},"content":{"rendered":"<div>\n<p>Un raccourci rapide de notre histoire nous donne le d\u00e9roul\u00e9 suivant :<\/p>\n<p>\u2013 1er mars 1919 : la Haute Volta coloniale est cr\u00e9\u00e9e. Elle comprend les cercles de Ouagadougou, Bobo-Dioulasso, Fada N\u2019Gourma, D\u00e9dougou, Dori et Say ;<\/p>\n<p>\u2013 1927, premier d\u00e9pe\u00e7age : le cercle de Say est rattach\u00e9 \u00e0 la colonie du Niger ; \u2013 5 septembre 1932 : la Haute-Volta est supprim\u00e9e et son territoire r\u00e9parti entre la C\u00f4te d\u2019Ivoire (qui re\u00e7oit le plus gros du \u00ab g\u00e2teau \u00bb), le Niger et le Soudan fran\u00e7ais (Mali) ;<\/p>\n<p>\u2013 4 septembre 1947, la Haute-Volta redevient un territoire ouest-africain ;<\/p>\n<p>\u2013 11 d\u00e9cembre 1958 : elle est une r\u00e9publique autonome au sein de la fameuse Communaut\u00e9 fran\u00e7aise ; \u2013 5 ao\u00fbt 1960 : elle devient un Etat ind\u00e9pendant ;<\/p>\n<p>\u2013 3 janvier 1966 : premier coup d\u2019Etat qui porte le G\u00e9n\u00e9ral Sangoul\u00e9 Lamizana au pouvoir. Suivront plusieurs autres coups d\u2019Etat et des changements de r\u00e9gime avec des qualificatifs divers : soul\u00e8vement, r\u00e9volution, insurrection\u2026populaire, Etat de droit, Etat d\u2019exception, r\u00e9gime militaire, r\u00e9gime militaro-civil, civilo-militaire, etc., avec leurs comit\u00e9s militaires, leurs Constitutions r\u00e9tablies, \u00e9tablis et r\u00e9guli\u00e8rement r\u00e9vis\u00e9es et des r\u00e9pondants : les r\u00e9publiques. Saye Zerbo, Jean-Baptiste Ou\u00e9draogo, Thomas Sankara, Blaise Compaor\u00e9, Isaac Zida, Michel Kafando, Roch Marc Christian Kabor\u00e9. Quand la Haute-Volta entra dans la danse des coups d\u2019Etat \u00e0 la suite d\u2019autres pays voisins, certains responsables politiques de la sous-r\u00e9gion s\u2019en moquaient, disant qu\u2019eux, ne conna\u00eetraient jamais des situations du genre, consid\u00e9rant que ce genre d\u2019\u00e9v\u00e8nement n\u2019\u00e9tait que la maladie infantile de pays qui ne m\u00e9ritaient pas d\u2019\u00eatre honor\u00e9s du titre d\u2019 \u00ab Etat \u00bb.<\/p>\n<p>Depuis, ils ont perc\u00e9 le plafond avec une guerre civile ! Comme quoi, quand on n\u2019a pas atteint l\u2019autre rive, il ne faut jamais se moquer de celui qui se noie !, Notre pays a connu le chant de nombreux oiseaux de mauvais augure. Des charlatans de haut vol lui avaient pr\u00e9dit un enterrement de premi\u00e8re classe. Mais, par la gr\u00e2ce du Tout-puissant, le Burkina est rest\u00e9, cahin-caha, \u00e0 la surface de l\u2019eau, se r\u00e9v\u00e9lant insubmersible. Toujours secou\u00e9, souvent instable, parfois bafou\u00e9, mais aussi\u2026toujours pr\u00e9sent ! Parfois dans le d\u00e9sespoir, comme par ces temps qui courent, avec le terrorisme et la crise sanitaire, parfois cr\u00e9ant de l\u2019espoir, mais incontestablement r\u00e9silient, courageux dans l\u2019adversit\u00e9, fier et digne, pr\u00eat \u00e0 affronter le pire, r\u00e9silient en toutes circonstances, parfois malgr\u00e9 le doute bruyamment exprim\u00e9 et distill\u00e9 par certains de ses fils sur sa capacit\u00e9 \u00e0 se relever et s\u2019\u00e9lever au-dessus de ses drames.<\/p>\n<h2>Aux couleurs de six frontieres<\/h2>\n<p>C\u2019est que notre pays est socialement composite ! \u2013 Il est un carrefour naturel par sa situation g\u00e9ographique qui lui reconna\u00eet six fronti\u00e8res qu\u2019il partage avec des pays aussi bien sah\u00e9liens que c\u00f4tiers, certains faisant pratiquement quatre fois son territoire en termes de superficie ; \u2013 Il est, par la force des choses, un pays d\u2019\u00e9migration, par sa population studieuse et travailleuse ; \u2013 Il est aussi et beaucoup n\u2019en n\u2019ont pas toujours conscience, un pays d\u2019immigration et d\u2019accueil de citoyens de nations environnantes qui se sont toujours r\u00e9jouis de leur pr\u00e9sence au pays des Hommes int\u00e8gres, cr\u00e9ant m\u00eame dans notre capitale et certaines de nos grandes villes, des quartiers qui portent des noms de leurs origines (Zangou\u00e9tin pour les Nig\u00e9rians, Koulouba pour le Mali, etc.).<\/p>\n<p>Quoi de plus normal donc que, quand \u00e7a tousse \u00e0 Bamako, \u00e7a s\u2019enrhume \u00e0 Ouagadougou ! Quand il fait froid sur les rives de la Lagune Ebri\u00e9, on se couvre au Faso ! Quand une case prend feu au Burkina, nos fr\u00e8res du Ghana se pr\u00e9cipitent \u00e0 la Volta pour apporter l\u2019eau qui \u00e9teindra l\u2019incendie ! Et quand toute la sous-r\u00e9gion est en proie \u00e0 des troubles, quoi de plus logique que notre pays qui n\u2019est pas \u00ab surnaturel \u00bb, m\u00eame s\u2019il est de toute \u00e9vidence b\u00e9ni de Dieu, soit travers\u00e9 de part en part par des secousses et des soubresauts multiples et divers ! Situ\u00e9 au c\u0153ur de ce puzzle, de ce conglom\u00e9rat d\u2019int\u00e9r\u00eats divers et parfois divergents malgr\u00e9 les apparences, le Burkina est condamn\u00e9 \u00e0 danser le warba \u00e0 la mode zouglou, au rythme du High life, \u00e0 chanter le Mali \u00e0 la mode Abidjanaise et Nig\u00e9rienne \u00e0 l\u2019Aube nouvelle, sur la Terre de nos a\u00efeux, dans l\u2019espoir que Dieu b\u00e9nisse notre pays, au son du Ditany\u00e8, notre Hymne de la victoire ! Dieu b\u00e9nisse l\u2019Afrique enti\u00e8re, la sous-r\u00e9gion, nos voisins et le Faso ! Qu\u2019il nous donne la paix, la vraie, agr\u00e9ment\u00e9e de justice et de d\u00e9veloppement \u00e9conomique et social dans la coh\u00e9sion et la fraternit\u00e9 !<\/p>\n<p style=\"text-align: right\">A bient\u00f4t !<\/p>\n<p style=\"text-align: right\"><strong>Dr Jean-Hubert BAZIE <\/strong><\/p>\n<p>L\u2019article <a rel=\"nofollow\" href=\"https:\/\/www.sidwaya.info\/blog\/2021\/10\/07\/le-temps-de-la-patrie-linsubmersible-et-eternel-revenant\/\">Le temps de la patrie : l\u2019insubmersible et \u00e9ternel revenant<\/a> est apparu en premier sur <a rel=\"nofollow\" href=\"https:\/\/www.sidwaya.info\/\">Quotidien Sidwaya<\/a>.<\/p>\n<\/div>\n<p>Auteur: BM. Sidwaya<br \/>\n<a href=\"https:\/\/www.sidwaya.info\/blog\/2021\/10\/07\/le-temps-de-la-patrie-linsubmersible-et-eternel-revenant\/\">Cliquez ici pour lire l&rsquo;article depuis sa source.<\/a><\/p>\n","protected":false},"excerpt":{"rendered":"<p>Un raccourci rapide de notre histoire nous donne le d\u00e9roul\u00e9 suivant : \u2013 1er mars 1919 : la Haute Volta coloniale est cr\u00e9\u00e9e. Elle comprend les cercles de Ouagadougou, Bobo-Dioulasso, Fada N\u2019Gourma, D\u00e9dougou, Dori et Say ; \u2013 1927, premier d\u00e9pe\u00e7age : le cercle de Say est rattach\u00e9 \u00e0 la colonie du Niger ; \u2013 [&hellip;]<\/p>\n","protected":false},"author":1816,"featured_media":0,"comment_status":"closed","ping_status":"closed","sticky":false,"template":"","format":"standard","meta":{"fifu_image_url":"","fifu_image_alt":"","footnotes":""},"categories":[73,81],"tags":[],"class_list":["post-129348","post","type-post","status-publish","format-standard","hentry","category-actualite","category-burkina-faso"],"_links":{"self":[{"href":"https:\/\/linitiative.ca\/International\/wp-json\/wp\/v2\/posts\/129348","targetHints":{"allow":["GET"]}}],"collection":[{"href":"https:\/\/linitiative.ca\/International\/wp-json\/wp\/v2\/posts"}],"about":[{"href":"https:\/\/linitiative.ca\/International\/wp-json\/wp\/v2\/types\/post"}],"author":[{"embeddable":true,"href":"https:\/\/linitiative.ca\/International\/wp-json\/wp\/v2\/users\/1816"}],"replies":[{"embeddable":true,"href":"https:\/\/linitiative.ca\/International\/wp-json\/wp\/v2\/comments?post=129348"}],"version-history":[{"count":0,"href":"https:\/\/linitiative.ca\/International\/wp-json\/wp\/v2\/posts\/129348\/revisions"}],"wp:attachment":[{"href":"https:\/\/linitiative.ca\/International\/wp-json\/wp\/v2\/media?parent=129348"}],"wp:term":[{"taxonomy":"category","embeddable":true,"href":"https:\/\/linitiative.ca\/International\/wp-json\/wp\/v2\/categories?post=129348"},{"taxonomy":"post_tag","embeddable":true,"href":"https:\/\/linitiative.ca\/International\/wp-json\/wp\/v2\/tags?post=129348"}],"curies":[{"name":"wp","href":"https:\/\/api.w.org\/{rel}","templated":true}]}}