{"id":129349,"date":"2021-10-07T14:18:01","date_gmt":"2021-10-07T18:18:01","guid":{"rendered":"https:\/\/linitiative.ca\/International\/maroc-nomination-dun-nouveau-gouvernement\/"},"modified":"2021-10-07T14:18:01","modified_gmt":"2021-10-07T18:18:01","slug":"maroc-nomination-dun-nouveau-gouvernement","status":"publish","type":"post","link":"https:\/\/linitiative.ca\/International\/maroc-nomination-dun-nouveau-gouvernement\/","title":{"rendered":"Maroc : nomination d\u2019un nouveau gouvernement"},"content":{"rendered":"<div>\n<p><img loading=\"lazy\" decoding=\"async\" width=\"662\" height=\"1033\" src=\"https:\/\/linitiative.ca\/International\/wp-content\/uploads\/sites\/23\/2021\/10\/16336306815260.jpg\" class=\"attachment-post-thumbnail size-post-thumbnail wp-post-image\" alt=\"\" srcset=\"https:\/\/linitiative.ca\/International\/wp-content\/uploads\/sites\/23\/2021\/10\/16336306815260.jpg 662w, https:\/\/www.journalducameroun.com\/wp-content\/uploads\/2021\/10\/16336306815260-192x300.jpg 192w, https:\/\/www.journalducameroun.com\/wp-content\/uploads\/2021\/10\/16336306815260-656x1024.jpg 656w, https:\/\/www.journalducameroun.com\/wp-content\/uploads\/2021\/10\/16336306815260-282x440.jpg 282w, https:\/\/www.journalducameroun.com\/wp-content\/uploads\/2021\/10\/16336306815260-600x936.jpg 600w\" sizes=\"auto, (max-width: 662px) 100vw, 662px\"><\/p>\n<p>Le Roi Mohammed VI a pr\u00e9sid\u00e9, ce jeudi \u00e0 F\u00e8s, la c\u00e9r\u00e9monie de nomination des membres du nouveau gouvernement. Compos\u00e9 de 20 ministres et 5 ministres d\u00e9l\u00e9gu\u00e9s, ce nouvel ex\u00e9cutif est domin\u00e9 par les trois formations politiques (RNI, PAM et PI) arriv\u00e9es en t\u00eate des \u00e9lections tripartites, l\u00e9gislatives, r\u00e9gionales et communales, tenues le 8 septembre dernier.Ce gouvernement, dirig\u00e9 par Aziz Akhennouch, pr\u00e9sident du parti du Rassemblement National des Ind\u00e9pendants (RNI), comprend 7 femmes qui occupent des portefeuilles strat\u00e9giques tels que la Sant\u00e9, la Transition \u00e9nerg\u00e9tique ou encore l&rsquo;Economie et les Finances.<\/p>\n<p>Nombreux sont les d\u00e9fis et enjeux qui attendent la nouvelle \u00e9quipe gouvernementale. Il s&rsquo;agit entre autres de la sortie de la crise sanitaire li\u00e9e \u00e0 la pand\u00e9mie du Covid-19, de la relance de l&rsquo;\u00e9conomie, de la lutte contre les in\u00e9galit\u00e9s actuelles caus\u00e9es par la pand\u00e9mie. Outre la mise en \u0153uvre du Nouveau mod\u00e8le de d\u00e9veloppement, dont la rapport a \u00e9t\u00e9 publi\u00e9 r\u00e9cemment.<\/p>\n<p>Le nouveau gouvernement mettra \u00e0 profit la feuille de route royale et les bases des grandes r\u00e9formes annonc\u00e9es par le Roi, pour atteindre ses objectifs. Ce nouveau gouvernement, proc\u00e9dera \u00e9galement \u00e0 l&rsquo;amendement de la loi de finances 2022 et devra faire face aux probl\u00e8mes li\u00e9s \u00e0 la sant\u00e9, l&rsquo;\u00e9ducation, l&#8217;emploi, l&rsquo;\u00e9conomie informelle, le soutien \u00e0 l&rsquo;investissement, la r\u00e9vision du syst\u00e8me fiscal et l&rsquo;accompagnement des grands projets d\u00e9j\u00e0 lanc\u00e9s.<\/p>\n<p>Voici par ailleurs la composition du nouveau gouvernement :<\/p>\n<p>\u2022 Aziz Akhannouch : chef du gouvernement.<\/p>\n<p>\u2022 Abdelouafi Laftit : ministre de l&rsquo;Int\u00e9rieur.<\/p>\n<p>\u2022 \u00a0Nasser Bourita : ministre des Affaires \u00e9trang\u00e8res, de la Coop\u00e9ration africaine et des Marocains r\u00e9sidant \u00e0 l&rsquo;\u00e9tranger.<\/p>\n<p>\u2022 \u00a0Abdellatif Ouahbi : ministre de la Justice.<\/p>\n<p>\u2022 \u00a0Ahmed Toufiq : ministre des Habous et des Affaires islamiques.<\/p>\n<p>\u2022 \u00a0Mohamed Hajoui : secr\u00e9taire g\u00e9n\u00e9ral de gouvernement.<\/p>\n<p>\u2022 Nadia Fettah Alaoui : ministre de l&rsquo;\u00c9conomie et des Finances.<\/p>\n<p>\u2022 Nizar Baraka : ministre de l&rsquo;\u00c9quipement et de l&rsquo;Eau.<\/p>\n<p>\u2022 Chakib Benmoussa : ministre de l&rsquo;\u00c9ducation nationale, du Pr\u00e9scolaire et des Sports.<\/p>\n<p>\u2022 Nabila Rmili : ministre de la Sant\u00e9 et de la Protection sociale.<\/p>\n<p>\u2022 Fatima Ezzahra El Mansouri : ministre de l&rsquo;Am\u00e9nagement du territoire national, de l&rsquo;Urbanisme, de l&rsquo;Habitat et de la Politique de la ville.<\/p>\n<p>\u2022 Mohamed Sadiki : ministre de l&rsquo;Agriculture, de la P\u00eache maritime, du D\u00e9veloppement rural et des Eaux et for\u00eats.<\/p>\n<p>\u2022 Younes Sekkouri : ministre de l&rsquo;Inclusion \u00e9conomique, de la Petite entreprise, de l&rsquo;Emploi et des Comp\u00e9tences.<\/p>\n<p>\u2022 Ryad Mezzour : ministre de l&rsquo;Industrie et du Commerce.<\/p>\n<p>\u2022 Fatim-Zahra Ammor : ministre du Tourisme, de l&rsquo;Artisanat et de l&rsquo;\u00c9conomie sociale et solidaire.<\/p>\n<p>\u2022 Abdellatif Miraoui : ministre de l&rsquo;Enseignement sup\u00e9rieur, de la Recherche scientifique et de l&rsquo;Innovation.<\/p>\n<p>\u2022 Leila Benali : ministre de la Transition \u00e9nerg\u00e9tique et du D\u00e9veloppement durable.<\/p>\n<p>\u2022 Mohamed Abdeljalil : ministre du Transport et de la Logistique.<\/p>\n<p>\u2022 Mohamed Mehdi Bensaid : ministre de la Jeunesse, de la Culture et de la Communication.<\/p>\n<p>\u2022 Aouatif Hayar : ministre de la Solidarit\u00e9, de l&rsquo;Insertion sociale et de la Famille.<\/p>\n<p>\u2022 Abdellatif Loudiyi : ministre d\u00e9l\u00e9gu\u00e9 aupr\u00e8s du chef de gouvernement charg\u00e9 de l&rsquo;administration de la D\u00e9fense nationale.<\/p>\n<p>\u2022 Mohcine Jazouli : ministre d\u00e9l\u00e9gu\u00e9 aupr\u00e8s du chef de gouvernement charg\u00e9 de l&rsquo;Investissement, de la Convergence et de l&rsquo;\u00e9valuation des Politiques publiques.<\/p>\n<p>\u2022 Faouzi Lekjaa : ministre d\u00e9l\u00e9gu\u00e9 aupr\u00e8s du ministre de l&rsquo;\u00c9conomie et des Finances, charg\u00e9 du Budget.<\/p>\n<p>\u2022 Mustapha Baitas : ministre d\u00e9l\u00e9gu\u00e9 aupr\u00e8s du chef de gouvernement charg\u00e9 des Relations avec le Parlement, porte-parole du gouvernement.<\/p>\n<p>\u2022 Ghita Mezzour : ministre d\u00e9l\u00e9gu\u00e9e aupr\u00e8s du chef de gouvernement charg\u00e9e de la Transition num\u00e9rique et de la R\u00e9forme administrative.<\/p>\n<p>Cet article <a rel=\"nofollow\" href=\"https:\/\/www.journalducameroun.com\/maroc-nomination-dun-nouveau-gouvernement\/\">Maroc : nomination d\u2019un nouveau gouvernement<\/a> est apparu en premier sur <a rel=\"nofollow\" href=\"https:\/\/www.journalducameroun.com\/\">Journal du Cameroun<\/a>.<\/p>\n<\/div>\n<p>Auteur: APA News<br \/>\n<a href=\"https:\/\/www.journalducameroun.com\/maroc-nomination-dun-nouveau-gouvernement\/\">Cliquez ici pour lire l&rsquo;article depuis sa source.<\/a><\/p>\n","protected":false},"excerpt":{"rendered":"<p>Le Roi Mohammed VI a pr\u00e9sid\u00e9, ce jeudi \u00e0 F\u00e8s, la c\u00e9r\u00e9monie de nomination des membres du nouveau gouvernement. Compos\u00e9 de 20 ministres et 5 ministres d\u00e9l\u00e9gu\u00e9s, ce nouvel ex\u00e9cutif est domin\u00e9 par les trois formations politiques (RNI, PAM et PI) arriv\u00e9es en t\u00eate des \u00e9lections tripartites, l\u00e9gislatives, r\u00e9gionales et communales, tenues le 8 septembre [&hellip;]<\/p>\n","protected":false},"author":1965,"featured_media":0,"comment_status":"closed","ping_status":"closed","sticky":false,"template":"","format":"standard","meta":{"fifu_image_url":"https:\/\/www.journalducameroun.com\/wp-content\/uploads\/2021\/10\/16336306815260.jpg","fifu_image_alt":"Maroc : nomination d\u2019un nouveau gouvernement","footnotes":""},"categories":[73,82],"tags":[],"class_list":["post-129349","post","type-post","status-publish","format-standard","hentry","category-actualite","category-cameroun"],"_links":{"self":[{"href":"https:\/\/linitiative.ca\/International\/wp-json\/wp\/v2\/posts\/129349","targetHints":{"allow":["GET"]}}],"collection":[{"href":"https:\/\/linitiative.ca\/International\/wp-json\/wp\/v2\/posts"}],"about":[{"href":"https:\/\/linitiative.ca\/International\/wp-json\/wp\/v2\/types\/post"}],"author":[{"embeddable":true,"href":"https:\/\/linitiative.ca\/International\/wp-json\/wp\/v2\/users\/1965"}],"replies":[{"embeddable":true,"href":"https:\/\/linitiative.ca\/International\/wp-json\/wp\/v2\/comments?post=129349"}],"version-history":[{"count":0,"href":"https:\/\/linitiative.ca\/International\/wp-json\/wp\/v2\/posts\/129349\/revisions"}],"wp:attachment":[{"href":"https:\/\/linitiative.ca\/International\/wp-json\/wp\/v2\/media?parent=129349"}],"wp:term":[{"taxonomy":"category","embeddable":true,"href":"https:\/\/linitiative.ca\/International\/wp-json\/wp\/v2\/categories?post=129349"},{"taxonomy":"post_tag","embeddable":true,"href":"https:\/\/linitiative.ca\/International\/wp-json\/wp\/v2\/tags?post=129349"}],"curies":[{"name":"wp","href":"https:\/\/api.w.org\/{rel}","templated":true}]}}