{"id":129351,"date":"2021-10-07T14:25:54","date_gmt":"2021-10-07T18:25:54","guid":{"rendered":"https:\/\/linitiative.ca\/International\/grand-prix-cycliste-chantal-biya-artuce-tella-reste-maillot-jaune-malgre-la-victoire-du-slovaque-kubis-lukas\/"},"modified":"2021-10-07T14:25:54","modified_gmt":"2021-10-07T18:25:54","slug":"grand-prix-cycliste-chantal-biya-artuce-tella-reste-maillot-jaune-malgre-la-victoire-du-slovaque-kubis-lukas","status":"publish","type":"post","link":"https:\/\/linitiative.ca\/International\/grand-prix-cycliste-chantal-biya-artuce-tella-reste-maillot-jaune-malgre-la-victoire-du-slovaque-kubis-lukas\/","title":{"rendered":"Grand Prix cycliste Chantal Biya : Artuce Tella reste maillot Jaune malgr\u00e9 la victoire du Slovaque Kubis  Lukas"},"content":{"rendered":"<div>\n<p><img loading=\"lazy\" decoding=\"async\" width=\"940\" height=\"788\" src=\"https:\/\/linitiative.ca\/International\/wp-content\/uploads\/sites\/23\/2021\/10\/Le-slovaque-Kubis-Lukas.png\" class=\"attachment-post-thumbnail size-post-thumbnail wp-post-image\" alt=\"\" srcset=\"https:\/\/linitiative.ca\/International\/wp-content\/uploads\/sites\/23\/2021\/10\/Le-slovaque-Kubis-Lukas.png 940w, https:\/\/www.journalducameroun.com\/wp-content\/uploads\/2021\/10\/Le-slovaque-Kubis-Lukas-300x251.png 300w, https:\/\/www.journalducameroun.com\/wp-content\/uploads\/2021\/10\/Le-slovaque-Kubis-Lukas-768x644.png 768w, https:\/\/www.journalducameroun.com\/wp-content\/uploads\/2021\/10\/Le-slovaque-Kubis-Lukas-525x440.png 525w, https:\/\/www.journalducameroun.com\/wp-content\/uploads\/2021\/10\/Le-slovaque-Kubis-Lukas-600x503.png 600w\" sizes=\"auto, (max-width: 940px) 100vw, 940px\"><\/p>\n<p style=\"text-align: justify;\"><strong>Apr\u00e8s la r\u00e9gion\u00a0\u00a0de l\u2019Ouest, la deuxi\u00e8me \u00e9tape\u00a0\u00a0du grand prix Chantal Biya\u00a0\u00a0s\u2019est poursuivie\u00a0\u00a0dans la r\u00e9gion du Centre suivant l\u2019itin\u00e9raire Bafia- Ntui.<\/strong><\/p>\n<p style=\"text-align: justify;\">\n<p style=\"text-align: justify;\">\n<p style=\"text-align: justify;\">La deuxi\u00e8me \u00e9tape du <strong>Grand Prix\u00a0cycliste international Chantal Biya <\/strong>s\u2019est \u00a0courue ce 7 septembre 2021 dans \u00a0le\u00a0\u00a0d\u00e9partement du Mbam et Inoubou ainsi que celui du Mbam et Kim \u00a0Longue de 129,1km,\u00a0\u00a0c\u2019est le Slovaque <strong>Kubis\u00a0\u00a0Lukas<\/strong> qui a franchi en premier la ligne d\u2019arriv\u00e9e avec un chrono de 3 heures 24 minutes 6 secondes.<\/p>\n<p style=\"text-align: justify;\">Au classement g\u00e9n\u00e9ral\u00a0\u00a0 le Camerounais <strong>Artuce Tella<\/strong> de la <strong>SNH v\u00e9lo club<\/strong> reste en t\u00eate de la course,\u00a0\u00a0avec un \u00e9cart de 15 secondes.<\/p>\n<p style=\"text-align: justify;\">La troisi\u00e8me \u00e9tape se d\u00e9roulera demain\u00a0dans la r\u00e9gion du Sud et va rallier la ville de Yaound\u00e9. Elle se fera sur une distance plus longue que les deux \u00e9tapes pr\u00e9c\u00e9dentes,\u00a0\u00a0\u00e0 savoir\u00a0168 km.<\/p>\n<p>Cet article <a rel=\"nofollow\" href=\"https:\/\/www.journalducameroun.com\/grand-prix-cycliste-chantal-biya-artuce-tella-reste-maillot-jaune-malgre-la-victoire-du-slovaque-kubis-lukas-cameroun\/\">Grand Prix cycliste Chantal Biya : Artuce Tella reste maillot Jaune malgr\u00e9 la victoire du Slovaque Kubis  Lukas<\/a> est apparu en premier sur <a rel=\"nofollow\" href=\"https:\/\/www.journalducameroun.com\/\">Journal du Cameroun<\/a>.<\/p>\n<\/div>\n<p>Auteur: Christian DJIMADEU<br \/>\n<a href=\"https:\/\/www.journalducameroun.com\/grand-prix-cycliste-chantal-biya-artuce-tella-reste-maillot-jaune-malgre-la-victoire-du-slovaque-kubis-lukas-cameroun\/\">Cliquez ici pour lire l&rsquo;article depuis sa source.<\/a><\/p>\n","protected":false},"excerpt":{"rendered":"<p>Apr\u00e8s la r\u00e9gion\u00a0\u00a0de l\u2019Ouest, la deuxi\u00e8me \u00e9tape\u00a0\u00a0du grand prix Chantal Biya\u00a0\u00a0s\u2019est poursuivie\u00a0\u00a0dans la r\u00e9gion du Centre suivant l\u2019itin\u00e9raire Bafia- Ntui. La deuxi\u00e8me \u00e9tape du Grand Prix\u00a0cycliste international Chantal Biya s\u2019est \u00a0courue ce 7 septembre 2021 dans \u00a0le\u00a0\u00a0d\u00e9partement du Mbam et Inoubou ainsi que celui du Mbam et Kim \u00a0Longue de 129,1km,\u00a0\u00a0c\u2019est le Slovaque Kubis\u00a0\u00a0Lukas qui [&hellip;]<\/p>\n","protected":false},"author":1965,"featured_media":0,"comment_status":"closed","ping_status":"closed","sticky":false,"template":"","format":"standard","meta":{"fifu_image_url":"https:\/\/www.journalducameroun.com\/wp-content\/uploads\/2021\/10\/Le-slovaque-Kubis-Lukas.png","fifu_image_alt":"Grand Prix cycliste Chantal Biya : Artuce Tella reste maillot Jaune malgr\u00e9 la victoire du Slovaque Kubis  Lukas","footnotes":""},"categories":[73,82],"tags":[],"class_list":["post-129351","post","type-post","status-publish","format-standard","hentry","category-actualite","category-cameroun"],"_links":{"self":[{"href":"https:\/\/linitiative.ca\/International\/wp-json\/wp\/v2\/posts\/129351","targetHints":{"allow":["GET"]}}],"collection":[{"href":"https:\/\/linitiative.ca\/International\/wp-json\/wp\/v2\/posts"}],"about":[{"href":"https:\/\/linitiative.ca\/International\/wp-json\/wp\/v2\/types\/post"}],"author":[{"embeddable":true,"href":"https:\/\/linitiative.ca\/International\/wp-json\/wp\/v2\/users\/1965"}],"replies":[{"embeddable":true,"href":"https:\/\/linitiative.ca\/International\/wp-json\/wp\/v2\/comments?post=129351"}],"version-history":[{"count":0,"href":"https:\/\/linitiative.ca\/International\/wp-json\/wp\/v2\/posts\/129351\/revisions"}],"wp:attachment":[{"href":"https:\/\/linitiative.ca\/International\/wp-json\/wp\/v2\/media?parent=129351"}],"wp:term":[{"taxonomy":"category","embeddable":true,"href":"https:\/\/linitiative.ca\/International\/wp-json\/wp\/v2\/categories?post=129351"},{"taxonomy":"post_tag","embeddable":true,"href":"https:\/\/linitiative.ca\/International\/wp-json\/wp\/v2\/tags?post=129351"}],"curies":[{"name":"wp","href":"https:\/\/api.w.org\/{rel}","templated":true}]}}