{"id":129353,"date":"2021-10-07T15:18:02","date_gmt":"2021-10-07T19:18:02","guid":{"rendered":"https:\/\/linitiative.ca\/International\/hommage-a-lex-pm-defunt-charles-konan-banny-en-presence-de-ouattara\/"},"modified":"2021-10-07T15:18:02","modified_gmt":"2021-10-07T19:18:02","slug":"hommage-a-lex-pm-defunt-charles-konan-banny-en-presence-de-ouattara","status":"publish","type":"post","link":"https:\/\/linitiative.ca\/International\/hommage-a-lex-pm-defunt-charles-konan-banny-en-presence-de-ouattara\/","title":{"rendered":"Hommage \u00e0 l\u2019ex-PM d\u00e9funt Charles Konan Banny en pr\u00e9sence de Ouattara"},"content":{"rendered":"<div>\n<p><img loading=\"lazy\" decoding=\"async\" width=\"5472\" height=\"3648\" src=\"https:\/\/linitiative.ca\/International\/wp-content\/uploads\/sites\/23\/2021\/10\/16336342829028.jpg\" class=\"attachment-post-thumbnail size-post-thumbnail wp-post-image\" alt=\"\" srcset=\"https:\/\/linitiative.ca\/International\/wp-content\/uploads\/sites\/23\/2021\/10\/16336342829028.jpg 5472w, https:\/\/www.journalducameroun.com\/wp-content\/uploads\/2021\/10\/16336342829028-300x200.jpg 300w, https:\/\/www.journalducameroun.com\/wp-content\/uploads\/2021\/10\/16336342829028-768x512.jpg 768w, https:\/\/www.journalducameroun.com\/wp-content\/uploads\/2021\/10\/16336342829028-1024x683.jpg 1024w, https:\/\/www.journalducameroun.com\/wp-content\/uploads\/2021\/10\/16336342829028-660x440.jpg 660w, https:\/\/www.journalducameroun.com\/wp-content\/uploads\/2021\/10\/16336342829028-600x400.jpg 600w\" sizes=\"auto, (max-width: 5472px) 100vw, 5472px\"><\/p>\n<p>Un hommage national a eu lieu jeudi \u00e0 la Primature, en m\u00e9moire de l&rsquo;ex-Premier ministre ivoirien Charles Konan Banny, d\u00e9c\u00e9d\u00e9 le 10 septembre 2021 \u00e0 Paris, en pr\u00e9sence de Alassane Ouattara.<\/p>\n<p>La c\u00e9r\u00e9monie d&rsquo;hommage, tenue sur l&rsquo;esplanade de la Primature, a r\u00e9uni plusieurs personnalit\u00e9s issues d&rsquo;institutions ainsi que des membres du gouvernement et des chefs traditionnels.<\/p>\n<p>Une haie d&rsquo;honneur des militaires \u00e9taient visibles, de part et d&rsquo;autre de l&rsquo;exposition fun\u00e8bre. Sa famille et ses proches \u00e9taient aussi pr\u00e9sents \u00e0 cet instant d&rsquo;adieu de la Nation.\u00a0<\/p>\n<p>Th\u00e9ophile Ahoua N&rsquo;Doli, Inspecteur g\u00e9n\u00e9ral d&rsquo;Etat, a dans un discours rendu un hommage \u00e0 l&rsquo;ex-Premier ministre Charles Konan Banny, rappel\u00e9 \u00e0 Dieu le 10 septembre 2021 \u00e0 Paris, des suites de la Covid-19.\u00a0<\/p>\n<p>\u00ab\u00a0Nous pleurons le Premier ministre Charles Konan Banny, nous pleurons l&rsquo;ex-gouverneur de la Bceao, nous pleurons le pr\u00e9sident de la Commission dialogue, v\u00e9rit\u00e9 et r\u00e9conciliation \u00a0(cr\u00e9\u00e9e en 2011)\u00a0\u00bb, a d\u00e9clar\u00e9 M. Ahoua N&rsquo;Doli.<\/p>\n<p>L&rsquo;inspecteur g\u00e9n\u00e9ral d&rsquo;Etat, Ahoua N&rsquo;Doli, a salu\u00e9 \u00ab\u00a0un homme d&rsquo;Etat, un \u00e9conomiste chevronn\u00e9, un homme politique\u00a0\u00bb qui s&rsquo;en va, laissant derri\u00e8re lui une famille d\u00e9vast\u00e9e et un pays en \u00e9moi.\u00a0<\/p>\n<p>\u00a0Le pr\u00e9sident de la Cour d&rsquo;appel du commerce, Fran\u00e7ois Komoin, un proche de l&rsquo;ancien Premier ministre d\u00e9funt, a t\u00e9moign\u00e9 qu&rsquo; \u00ab\u00a0il a \u00e9t\u00e9 un homme de courage, un homme de principe, un homme de devoir et de rassemblement\u00a0\u00bb.\u00a0<\/p>\n<p>L&rsquo;ancien Premier ministre ivoirien, Charles Konan Banny, \u00e9vacu\u00e9 pour des soins \u00e0 Paris, a tir\u00e9 sa r\u00e9v\u00e9rence dans la capitale fran\u00e7aise des suites de la Covid-19. Sa d\u00e9pouille mortelle est arriv\u00e9e le 23 septembre 2021 \u00e0 Abidjan.\u00a0<\/p>\n<p>Suite \u00e0 son d\u00e9c\u00e8s, M. Ouattara a adress\u00e9 ses condol\u00e9ances \u00e0 la suite de son d\u00e9c\u00e8s, exprimant avoir perdu un \u00ab\u00a0ami et fr\u00e8re\u00a0\u00bb. De son c\u00f4t\u00e9, l&rsquo;ex-pr\u00e9sident Laurent Gbagbo, a \u00e9galement traduit \u00e0 la famille ses \u00e9motions en cette \u00ab\u00a0terrible circonstance\u00a0\u00bb. \u00a0<\/p>\n<p>Cet article <a rel=\"nofollow\" href=\"https:\/\/www.journalducameroun.com\/hommage-a-lex-pm-defunt-charles-konan-banny-en-presence-de-ouattara\/\">Hommage \u00e0 l\u2019ex-PM d\u00e9funt Charles Konan Banny en pr\u00e9sence de Ouattara<\/a> est apparu en premier sur <a rel=\"nofollow\" href=\"https:\/\/www.journalducameroun.com\/\">Journal du Cameroun<\/a>.<\/p>\n<\/div>\n<p>Auteur: APA News<br \/>\n<a href=\"https:\/\/www.journalducameroun.com\/hommage-a-lex-pm-defunt-charles-konan-banny-en-presence-de-ouattara\/\">Cliquez ici pour lire l&rsquo;article depuis sa source.<\/a><\/p>\n","protected":false},"excerpt":{"rendered":"<p>Un hommage national a eu lieu jeudi \u00e0 la Primature, en m\u00e9moire de l&rsquo;ex-Premier ministre ivoirien Charles Konan Banny, d\u00e9c\u00e9d\u00e9 le 10 septembre 2021 \u00e0 Paris, en pr\u00e9sence de Alassane Ouattara. La c\u00e9r\u00e9monie d&rsquo;hommage, tenue sur l&rsquo;esplanade de la Primature, a r\u00e9uni plusieurs personnalit\u00e9s issues d&rsquo;institutions ainsi que des membres du gouvernement et des chefs [&hellip;]<\/p>\n","protected":false},"author":1965,"featured_media":0,"comment_status":"closed","ping_status":"closed","sticky":false,"template":"","format":"standard","meta":{"fifu_image_url":"https:\/\/www.journalducameroun.com\/wp-content\/uploads\/2021\/10\/16336342829028.jpg","fifu_image_alt":"Hommage \u00e0 l\u2019ex-PM d\u00e9funt Charles Konan Banny en pr\u00e9sence de Ouattara","footnotes":""},"categories":[73,82],"tags":[],"class_list":["post-129353","post","type-post","status-publish","format-standard","hentry","category-actualite","category-cameroun"],"_links":{"self":[{"href":"https:\/\/linitiative.ca\/International\/wp-json\/wp\/v2\/posts\/129353","targetHints":{"allow":["GET"]}}],"collection":[{"href":"https:\/\/linitiative.ca\/International\/wp-json\/wp\/v2\/posts"}],"about":[{"href":"https:\/\/linitiative.ca\/International\/wp-json\/wp\/v2\/types\/post"}],"author":[{"embeddable":true,"href":"https:\/\/linitiative.ca\/International\/wp-json\/wp\/v2\/users\/1965"}],"replies":[{"embeddable":true,"href":"https:\/\/linitiative.ca\/International\/wp-json\/wp\/v2\/comments?post=129353"}],"version-history":[{"count":0,"href":"https:\/\/linitiative.ca\/International\/wp-json\/wp\/v2\/posts\/129353\/revisions"}],"wp:attachment":[{"href":"https:\/\/linitiative.ca\/International\/wp-json\/wp\/v2\/media?parent=129353"}],"wp:term":[{"taxonomy":"category","embeddable":true,"href":"https:\/\/linitiative.ca\/International\/wp-json\/wp\/v2\/categories?post=129353"},{"taxonomy":"post_tag","embeddable":true,"href":"https:\/\/linitiative.ca\/International\/wp-json\/wp\/v2\/tags?post=129353"}],"curies":[{"name":"wp","href":"https:\/\/api.w.org\/{rel}","templated":true}]}}