{"id":129357,"date":"2021-10-07T16:18:01","date_gmt":"2021-10-07T20:18:01","guid":{"rendered":"https:\/\/linitiative.ca\/International\/impots-ivoiriens-7436-milliards-fcfa-collectes-au-3e-trimestre-2021\/"},"modified":"2021-10-07T16:18:01","modified_gmt":"2021-10-07T20:18:01","slug":"impots-ivoiriens-7436-milliards-fcfa-collectes-au-3e-trimestre-2021","status":"publish","type":"post","link":"https:\/\/linitiative.ca\/International\/impots-ivoiriens-7436-milliards-fcfa-collectes-au-3e-trimestre-2021\/","title":{"rendered":"Imp\u00f4ts ivoiriens: 743,6 milliards Fcfa collect\u00e9s au 3e trimestre 2021"},"content":{"rendered":"<div>\n<p><img loading=\"lazy\" decoding=\"async\" width=\"1000\" height=\"600\" src=\"https:\/\/linitiative.ca\/International\/wp-content\/uploads\/sites\/23\/2021\/10\/16336378822095.jpg\" class=\"attachment-post-thumbnail size-post-thumbnail wp-post-image\" alt=\"\" srcset=\"https:\/\/linitiative.ca\/International\/wp-content\/uploads\/sites\/23\/2021\/10\/16336378822095.jpg 1000w, https:\/\/www.journalducameroun.com\/wp-content\/uploads\/2021\/10\/16336378822095-300x180.jpg 300w, https:\/\/www.journalducameroun.com\/wp-content\/uploads\/2021\/10\/16336378822095-768x461.jpg 768w, https:\/\/www.journalducameroun.com\/wp-content\/uploads\/2021\/10\/16336378822095-733x440.jpg 733w, https:\/\/www.journalducameroun.com\/wp-content\/uploads\/2021\/10\/16336378822095-600x360.jpg 600w\" sizes=\"auto, (max-width: 1000px) 100vw, 1000px\"><\/p>\n<p>Les services des imp\u00f4ts de C\u00f4te d&rsquo;Ivoire ont collect\u00e9 743,6 milliards Fcfa au 3e trimestre 2021 pour un objectif de recettes fix\u00e9es \u00e0 660,2 milliards de Fcfa, soit un \u00e9cart positif de 83,4 milliards Fcfa.<\/p>\n<p>\u00ab\u00a0Au cours du 3e trimestre de l&rsquo;ann\u00e9e 2021, les recouvrements effectu\u00e9s s&rsquo;\u00e9l\u00e8vent \u00e0 743,6 milliards Fcfa pour un objectif de recettes fix\u00e9es \u00e0 660,2 milliards Fcfa\u00a0\u00bb, a indiqu\u00e9 jeudi le directeur g\u00e9n\u00e9ral des imp\u00f4ts, Abou Si\u00e9 Ouattara, lors d&rsquo;un s\u00e9minaire bilan.<\/p>\n<p>Les services des imp\u00f4ts d\u00e9gagent ainsi, pour la p\u00e9riode du troisi\u00e8me trimestre 2021, un \u00e9cart positif de 83,4 milliards Fcfa, soit un \u00e9cart positif de 83,4 milliards Fcfa, soit un taux de recouvrement de 112,6%, a soulign\u00e9 M. Abou Si\u00e9 Ouattara.<\/p>\n<p>Il a f\u00e9licit\u00e9 l&rsquo;ensemble du personnel pour le travail accompli, invitant les agents \u00e0 poursuivre dans cette dynamique afin de consolider ces performances au soir du 31 d\u00e9cembre 2021. Pour le 4e trimestre, il est fix\u00e9 un objectif de 606,6 milliards Fcfa, \u00a0en baisse de 32,1 milliards Fcfa par rapport \u00e0 2020.\u00a0<\/p>\n<p>Le directeur de Cabinet du minist\u00e8re du Budget et du portefeuille de l&rsquo;Etat, Adama Sall, qui repr\u00e9sentait le ministre, a ouvert les travaux du s\u00e9minaire bilan. Il a adress\u00e9 des encouragements aux agents des imp\u00f4ts pour la mobilisation de ces recettes.<\/p>\n<p>Toutefois, dira-t-il, de nombreux d\u00e9fis sont encore \u00e0 relever afin de permettre au gouvernement de mener \u00e0 bien son ambitieux programme de d\u00e9veloppement et de faire face \u00e0 ses engagements vis-\u00e0-vis des partenaires.\u00a0<\/p>\n<p>M. Sall a fait observer que le taux de pression fiscale de la C\u00f4te d&rsquo;Ivoire s&rsquo;\u00e9tablit en 2020 \u00e0 12,3%, en de\u00e7\u00e0 de la norme de l&rsquo;UEMOA fix\u00e9e \u00e0 20%. Elle \u00e9tait pr\u00e9c\u00e9demment de 16% et \u00e0 chut\u00e9 cons\u00e9cutivement au rebasage du PIB, qui a conduit \u00e0 une augmentation de 38,2% de cet agr\u00e9gat.<\/p>\n<p>Concernant l&rsquo;\u00e9largissement de la population fiscale, les statistiques font ressortir que la population oscille autour de 130.000 contribuables assujettis aux imp\u00f4ts divers hors imp\u00f4ts fonciers, soit un ratio de 1 contribuable pour environ 125 personnes.<\/p>\n<p>Ce ratio, montionnera-t-il, est \u00ab\u00a0encore faible compar\u00e9 aux ratios de pays avanc\u00e9s du continent qui sont autour de 1 pour 8, voire 6\u00a0\u00bb. Par cons\u00e9quent, des mesures vigoureuses doivent \u00eatre prises dans ce sens.\u00a0<\/p>\n<p>\u00ab\u00a0Je voudrais faire observer que le co\u00fbt des exon\u00e9rations est estim\u00e9 \u00e0 environ 400 milliards Fcfa par an. Il en r\u00e9sulte une r\u00e9duction manifeste de l&rsquo;assiette fiscale\u00a0\u00bb, a-t-il ajout\u00e9, appelant les services des imp\u00f4ts \u00e0 r\u00e9fl\u00e9chir sur un \u00e9largissement de l&rsquo;assiette.\u00a0<\/p>\n<p>Cet article <a rel=\"nofollow\" href=\"https:\/\/www.journalducameroun.com\/impots-ivoiriens-7436-milliards-fcfa-collectes-au-3e-trimestre-2021\/\">Imp\u00f4ts ivoiriens: 743,6 milliards Fcfa collect\u00e9s au 3e trimestre 2021<\/a> est apparu en premier sur <a rel=\"nofollow\" href=\"https:\/\/www.journalducameroun.com\/\">Journal du Cameroun<\/a>.<\/p>\n<\/div>\n<p>Auteur: APA News<br \/>\n<a href=\"https:\/\/www.journalducameroun.com\/impots-ivoiriens-7436-milliards-fcfa-collectes-au-3e-trimestre-2021\/\">Cliquez ici pour lire l&rsquo;article depuis sa source.<\/a><\/p>\n","protected":false},"excerpt":{"rendered":"<p>Les services des imp\u00f4ts de C\u00f4te d&rsquo;Ivoire ont collect\u00e9 743,6 milliards Fcfa au 3e trimestre 2021 pour un objectif de recettes fix\u00e9es \u00e0 660,2 milliards de Fcfa, soit un \u00e9cart positif de 83,4 milliards Fcfa. \u00ab\u00a0Au cours du 3e trimestre de l&rsquo;ann\u00e9e 2021, les recouvrements effectu\u00e9s s&rsquo;\u00e9l\u00e8vent \u00e0 743,6 milliards Fcfa pour un objectif de [&hellip;]<\/p>\n","protected":false},"author":1965,"featured_media":0,"comment_status":"closed","ping_status":"closed","sticky":false,"template":"","format":"standard","meta":{"fifu_image_url":"https:\/\/www.journalducameroun.com\/wp-content\/uploads\/2021\/10\/16336378822095.jpg","fifu_image_alt":"Imp\u00f4ts ivoiriens: 743,6 milliards Fcfa collect\u00e9s au 3e trimestre 2021","footnotes":""},"categories":[73,82],"tags":[],"class_list":["post-129357","post","type-post","status-publish","format-standard","hentry","category-actualite","category-cameroun"],"_links":{"self":[{"href":"https:\/\/linitiative.ca\/International\/wp-json\/wp\/v2\/posts\/129357","targetHints":{"allow":["GET"]}}],"collection":[{"href":"https:\/\/linitiative.ca\/International\/wp-json\/wp\/v2\/posts"}],"about":[{"href":"https:\/\/linitiative.ca\/International\/wp-json\/wp\/v2\/types\/post"}],"author":[{"embeddable":true,"href":"https:\/\/linitiative.ca\/International\/wp-json\/wp\/v2\/users\/1965"}],"replies":[{"embeddable":true,"href":"https:\/\/linitiative.ca\/International\/wp-json\/wp\/v2\/comments?post=129357"}],"version-history":[{"count":0,"href":"https:\/\/linitiative.ca\/International\/wp-json\/wp\/v2\/posts\/129357\/revisions"}],"wp:attachment":[{"href":"https:\/\/linitiative.ca\/International\/wp-json\/wp\/v2\/media?parent=129357"}],"wp:term":[{"taxonomy":"category","embeddable":true,"href":"https:\/\/linitiative.ca\/International\/wp-json\/wp\/v2\/categories?post=129357"},{"taxonomy":"post_tag","embeddable":true,"href":"https:\/\/linitiative.ca\/International\/wp-json\/wp\/v2\/tags?post=129357"}],"curies":[{"name":"wp","href":"https:\/\/api.w.org\/{rel}","templated":true}]}}