{"id":129359,"date":"2021-10-07T11:36:49","date_gmt":"2021-10-07T15:36:49","guid":{"rendered":"https:\/\/linitiative.ca\/International\/le-francais-mirdad-kazanji-est-le-nouveau-directeur-general-du-centre-pasteur-du-cameroun\/"},"modified":"2021-10-07T11:36:49","modified_gmt":"2021-10-07T15:36:49","slug":"le-francais-mirdad-kazanji-est-le-nouveau-directeur-general-du-centre-pasteur-du-cameroun","status":"publish","type":"post","link":"https:\/\/linitiative.ca\/International\/le-francais-mirdad-kazanji-est-le-nouveau-directeur-general-du-centre-pasteur-du-cameroun\/","title":{"rendered":"Le Fran\u00e7ais Mirdad Kazanji est le nouveau directeur g\u00e9n\u00e9ral du Centre Pasteur du Cameroun"},"content":{"rendered":"<div>\n<p>Le Centre Pasteur du Cameroun a un nouveau Directeur g\u00e9n\u00e9ral, en la personne du Dr Mirdad Kazanji. Le Fran\u00e7ais a pris les r\u00eanes de cette institution depuis le 1<sup>er<\/sup>\u00a0octobre 2021, en remplacement de sa compatriote\u00a0<strong><a href=\"https:\/\/ecomatin.net\/interview-mes-4-ans-a-la-tete-e-du-centre-pasteur-du-cameroun-pr-elisabeth-carniel\">Elizabeth Carniel<\/a><\/strong>. La note biographique du Centre Pasteur qui le pr\u00e9sente renseigne que le Dr Mirdad Kazanji arrive de la Guyane, o\u00f9 il a offici\u00e9 pendant sept ann\u00e9es comme directeur de l\u2019Institut Pasteur de la Guyane(IPG) entre 2014 et septembre 2021.<\/p>\n<p><strong>Lire aussi <\/strong>: <strong><a href=\"https:\/\/ecomatin.net\/interview-mes-4-ans-a-la-tete-e-du-centre-pasteur-du-cameroun-pr-elisabeth-carniel\">Interview : mes 4 ans \u00e0 la t\u00eate du Centre Pasteur du Cameroun, Pr Elisabeth Carniel<\/a><\/strong> \u00a0<\/p>\n<p>\u00ab\u00a0\u00a0J\u2019ai engag\u00e9 l\u2019IPG dans un processus visant \u00e0 renforcer les interactions entre les diff\u00e9rentes \u00e9quipes de recherche et construit un plan strat\u00e9gique ambitieux. Pendant ces 7 ann\u00e9es, nous avons obtenu des financements europ\u00e9ens avec l\u2019appui de la pr\u00e9fecture et de la collectivit\u00e9 territoriale de la Guyane. J\u2019ai aussi renforc\u00e9 les infrastructures et les \u00e9quipes de recherche en Virologie et en Entomologie\u00a0\u00bb, indique-t-il sur son profil LinkedIn.<\/p>\n<p>Avant la Guyane, le Fran\u00e7ais a dirig\u00e9\u00a0l\u2019Institut Pasteur de Bangui (IPB) en R\u00e9publique Centrafricaine (RCA), entre d\u00e9cembre 2009 et ao\u00fbt 2014. L\u00e0-bas, il a pos\u00e9 d\u2019importantes actions dans le domaine de la virologie\u00a0: \u00ab\u00a0j\u2019ai orient\u00e9 les recherches vers trois axes, (i) virus \u00e9mergents et zoonoses (ii) co-infection virale et r\u00e9trovirus (iii) variabilit\u00e9s g\u00e9n\u00e9tiques et r\u00e9sistances\u00a0\u00bb, se gargarise-t-il. De 2005 \u00e0 2009, le Dr Mirdad Kazanji a dirig\u00e9 l\u2019unit\u00e9 de r\u00e9trovirologie du Centre International de Recherche M\u00e9dical \u00e0 Franceville au Gabon.<\/p>\n<p><strong>Lire aussi <\/strong>: <strong><a href=\"https:\/\/ecomatin.net\/a-cause-du-covid-19-le-centre-pasteur-du-cameroun-termine-lannee-2020-avec-un-deficit-de-2-millions-de-fcfa\/\">A cause du Covid-19, le Centre pasteur du Cameroun termine l\u2019ann\u00e9e 2020 avec un d\u00e9ficit de 2 millions de FCFA<\/a><\/strong><\/p>\n<p>Il a rejoint les cadres scientifiques de l\u2019Institut Pasteur pour d\u00e9velopper un vaccin contre le virus HTLV-1 en 1999. Le Dr Mirdad KAZANJI est membre \u00e9lu de plusieurs assembl\u00e9es, conseils scientifiques et conseils d\u2019administration. Il a re\u00e7u de nombreuses distinctions scientifiques et civiles. Il est laur\u00e9at du Prix JANSEN de l\u2019Acad\u00e9mie Nationale de M\u00e9decine, laur\u00e9at de l\u2019Acad\u00e9mie des Sciences des Cara\u00efbes, Chevalier de l\u2019Ordre National du M\u00e9rite et Chevalier de la L\u00e9gion d\u2019Honneur, Officier et Commandeur de l\u2019Ordre de la Reconnaissance Centrafricaine. Il est auteur de plus d\u2019une centaine de publications parues dans des journaux scientifiques et m\u00e9dicaux sur l\u2019histoire naturelle des virus, leurs origines et leurs transmissions ainsi que sur des probl\u00e8mes de sant\u00e9 publique li\u00e9s \u00e0 la surveillance et l\u2019\u00e9mergence des \u00e9pid\u00e9mies virales.<\/p>\n<p><strong>Lire aussi <\/strong>: <strong><a href=\"https:\/\/ecomatin.net\/coronavirus-alerte-au-variant-delta-au-cameroun\/\">Coronavirus : alerte au variant Delta au Cameroun<\/a><\/strong><\/p>\n<p>L\u2019article <a rel=\"nofollow\" href=\"https:\/\/ecomatin.net\/le-francais-mirdad-kazanji-est-le-nouveau-directeur-general-du-centre-pasteur-du-cameroun\/\">Le Fran\u00e7ais Mirdad Kazanji est le nouveau directeur g\u00e9n\u00e9ral du Centre Pasteur du Cameroun<\/a> est apparu en premier sur <a rel=\"nofollow\" href=\"https:\/\/ecomatin.net\/\">EcoMatin<\/a>.<\/p>\n<\/div>\n<p>Auteur: Yannick KENNE<br \/>\n<a href=\"https:\/\/ecomatin.net\/le-francais-mirdad-kazanji-est-le-nouveau-directeur-general-du-centre-pasteur-du-cameroun\/\">Cliquez ici pour lire l&rsquo;article depuis sa source.<\/a><\/p>\n","protected":false},"excerpt":{"rendered":"<p>Le Centre Pasteur du Cameroun a un nouveau Directeur g\u00e9n\u00e9ral, en la personne du Dr Mirdad Kazanji. Le Fran\u00e7ais a pris les r\u00eanes de cette institution depuis le 1er\u00a0octobre 2021, en remplacement de sa compatriote\u00a0Elizabeth Carniel. La note biographique du Centre Pasteur qui le pr\u00e9sente renseigne que le Dr Mirdad Kazanji arrive de la Guyane, [&hellip;]<\/p>\n","protected":false},"author":1969,"featured_media":0,"comment_status":"closed","ping_status":"closed","sticky":false,"template":"","format":"standard","meta":{"fifu_image_url":"","fifu_image_alt":"","footnotes":""},"categories":[82,78],"tags":[],"class_list":["post-129359","post","type-post","status-publish","format-standard","hentry","category-cameroun","category-economie"],"_links":{"self":[{"href":"https:\/\/linitiative.ca\/International\/wp-json\/wp\/v2\/posts\/129359","targetHints":{"allow":["GET"]}}],"collection":[{"href":"https:\/\/linitiative.ca\/International\/wp-json\/wp\/v2\/posts"}],"about":[{"href":"https:\/\/linitiative.ca\/International\/wp-json\/wp\/v2\/types\/post"}],"author":[{"embeddable":true,"href":"https:\/\/linitiative.ca\/International\/wp-json\/wp\/v2\/users\/1969"}],"replies":[{"embeddable":true,"href":"https:\/\/linitiative.ca\/International\/wp-json\/wp\/v2\/comments?post=129359"}],"version-history":[{"count":0,"href":"https:\/\/linitiative.ca\/International\/wp-json\/wp\/v2\/posts\/129359\/revisions"}],"wp:attachment":[{"href":"https:\/\/linitiative.ca\/International\/wp-json\/wp\/v2\/media?parent=129359"}],"wp:term":[{"taxonomy":"category","embeddable":true,"href":"https:\/\/linitiative.ca\/International\/wp-json\/wp\/v2\/categories?post=129359"},{"taxonomy":"post_tag","embeddable":true,"href":"https:\/\/linitiative.ca\/International\/wp-json\/wp\/v2\/tags?post=129359"}],"curies":[{"name":"wp","href":"https:\/\/api.w.org\/{rel}","templated":true}]}}