{"id":129362,"date":"2021-10-07T12:40:37","date_gmt":"2021-10-07T16:40:37","guid":{"rendered":"https:\/\/linitiative.ca\/International\/flambee-des-prix-le-secteur-prive-sollicite-un-partage-de-la-facture-avec-letat\/"},"modified":"2021-10-07T12:40:37","modified_gmt":"2021-10-07T16:40:37","slug":"flambee-des-prix-le-secteur-prive-sollicite-un-partage-de-la-facture-avec-letat","status":"publish","type":"post","link":"https:\/\/linitiative.ca\/International\/flambee-des-prix-le-secteur-prive-sollicite-un-partage-de-la-facture-avec-letat\/","title":{"rendered":"Flamb\u00e9e des prix : le secteur priv\u00e9 sollicite un partage de la facture avec l\u2019Etat"},"content":{"rendered":"<div>\n<p>Quasiment tous les secteurs de l\u2019\u00e9conomie sont impact\u00e9s par une hausse des co\u00fbts de production ou d\u2019approvisionnement: fret (+ de 400 % de hausse), clinker (+ de 80%), le bl\u00e9 dur (+ de 40%), huile de palme (+ de 65%), les engrais (+ de 72%), le ma\u00efs (+ de 72%), l\u2019orge (+ de 65%) etc. Ces chiffres du surench\u00e9rissement des produits et services \u00e0 l\u2019importation ont \u00e9t\u00e9 rendus publics ce 1er octobre 2021 par le Pr\u00e9sident du Groupement interpatronal du Cameroun (Gicam), lors d\u2019une rencontre avec le ministre du Commerce, Luc Magloire Mbarga Atangana. Une concertation de crise, pour le membre du gouvernement.<\/p>\n<p><strong>Lire aussi<\/strong> : <strong><a href=\"https:\/\/ecomatin.net\/consommation-flambee-des-prix-dans-les-marches\/\">Consommation : Flamb\u00e9e des prix dans les march\u00e9s<\/a><\/strong><\/p>\n<p>Avec 750 entreprises et une vingtaine d\u2019organisations socio-professionnelles, 76,8 % du chiffre d\u2019affaires des entreprises modernes au Cameroun, 54,3% des effectifs d\u2019employ\u00e9s, une contribution de plus de 70% aux recettes fiscales, le Gicam subit de plein fouet les affres de la conjoncture \u00e9conomique mondiale caus\u00e9e par le Covid-19. \u00abLa tension haussi\u00e8re va persister jusqu\u2019en 2022 sur l\u2019effet de la poursuite de la reprise post-Covid 19\u00bb, a indiqu\u00e9 C\u00e9lestin Tawamba.<\/p>\n<p>Les cons\u00e9quences de la crise sont en effet lourdes pour les entreprises qui d\u00e9plorent \u00e9galement la baisse de leurs capacit\u00e9s financi\u00e8res, l\u2019annulation des commandes par les clients, une baisse de stock, la rupture des approvisionnements, voire des licenciements et des mises en ch\u00f4mage technique du personnel etc. \u00abLa situation est devenue incontr\u00f4lable et les entreprises camerounaises sont \u00e0 bout de souffle\u00bb, a ajout\u00e9 le Pr\u00e9sident du Gicam. Suivi par les repr\u00e9sentants de plusieurs secteurs de l\u2019\u00e9conomie nationale : l\u2019industrie textile, le secteur pharmaceutique, l\u2019import-export, les transports, l\u2019agro-alimentaire, l\u2019industrie brassicole, le secteur h\u00f4telier ou les professionnels du p\u00e9trole. La concentration entre le patronat camerounais et le ministre du commerce a permis d\u2019explorer des solutions pour une ma\u00eetrise contr\u00f4l\u00e9e des prix des denr\u00e9es de consommation en tenant compte de la conjoncture actuelle.<\/p>\n<p><strong> Lire aussi<\/strong> : <strong><strong><a href=\"https:\/\/ecomatin.net\/produits-de-grande-consommation-linstitut-national-de-la-statistique-confirme-la-flambee-des-prix\/\">Produits de grande consommation: l\u2019Institut national de la statistique confirme la flamb\u00e9e des prix<\/a><\/strong><\/strong> <\/p>\n<p>Le Gicam propose ainsi aux pouvoirs publics une r\u00e9percussion int\u00e9grale de la hausse des co\u00fbts de production sur le prix de vente ou le partage des charges entre l\u2019Etat, les entreprises et les consommateurs.<\/p>\n<p>\u00abNous voulons pr\u00e9server la paix sociale et maintenir le fragile \u00e9quilibre industriel du Cameroun. C\u2019est la raison pour laquelle j\u2019en appelle au sens des responsabilit\u00e9s des entreprises, des consommateurs et des populations\u00bb. Toutefois, C\u00e9lestin Tawamba reconna\u00eet \u00abla faiblesse du pouvoir d\u2019achat des camerounais\u00bb, en rassurant sur l\u2019\u00e9ventualit\u00e9 d\u2019une hausse des prix des denr\u00e9es \u00abcomme derni\u00e8re solution\u00bb. Le Gicam propose par ailleurs au gouvernement, un ajustement limit\u00e9 des prix de vente, des subventions partielles, des all\u00e8gements fiscaux (r\u00e9duction du taux de TVA, all\u00e8gement ou suspension de l\u2019acompte dans certains secteurs, suspension des contr\u00f4les etc.), la suspension des taxes parafiscales et de certaines taxes portuaires, la r\u00e9adaptation des appuis Covid 19 au secteur strat\u00e9gique, la r\u00e9activation et\/ou le maintien en 2022 des mesures exceptionnelles instaur\u00e9es en 2021.<\/p>\n<p><strong>Lire aussi<\/strong> : <strong><a href=\"https:\/\/ecomatin.net\/materiaux-de-construction-vers-une-revision-n-en-hausse-des-prix-homologues\/\">Mat\u00e9riaux de construction : vers une r\u00e9vision en hausse des prix homologu\u00e9s<\/a><\/strong><\/p>\n<p>\u00abJe reconnais la pertinence des pr\u00e9occupations du secteur priv\u00e9. Nous sommes en effet de crise. Le Cameroun est un pays qui importe massivement. Les pr\u00e9occupations du secteur priv\u00e9 sont justifi\u00e9es par les circonstances exceptionnelles sur le plan mondial. Nous allons trouver les solutions appropri\u00e9es pour \u00e9viter une flamb\u00e9e des prix et des tensions sociales. Faites-moi des propositions pr\u00e9cises que je r\u00e9percuterai \u00e0 qui de droit\u00bb, a indiqu\u00e9 le Magloire Mbarga Atangana. Rassurant lui aussi sur un contr\u00f4le syst\u00e9matique des prix des produits dans les diff\u00e9rents march\u00e9s du Cameroun par la Brigade nationale des contr\u00f4les et de r\u00e9pression de la fraude du Minist\u00e8re du commerce.<\/p>\n<p>L\u2019article <a rel=\"nofollow\" href=\"https:\/\/ecomatin.net\/flambee-des-prix-le-secteur-prive-sollicite-un-partage-de-la-facture-avec-letat\/\">Flamb\u00e9e des prix : le secteur priv\u00e9 sollicite un partage de la facture avec l\u2019Etat<\/a> est apparu en premier sur <a rel=\"nofollow\" href=\"https:\/\/ecomatin.net\/\">EcoMatin<\/a>.<\/p>\n<\/div>\n<p>Auteur: Georges Semey<br \/>\n<a href=\"https:\/\/ecomatin.net\/flambee-des-prix-le-secteur-prive-sollicite-un-partage-de-la-facture-avec-letat\/\">Cliquez ici pour lire l&rsquo;article depuis sa source.<\/a><\/p>\n","protected":false},"excerpt":{"rendered":"<p>Quasiment tous les secteurs de l\u2019\u00e9conomie sont impact\u00e9s par une hausse des co\u00fbts de production ou d\u2019approvisionnement: fret (+ de 400 % de hausse), clinker (+ de 80%), le bl\u00e9 dur (+ de 40%), huile de palme (+ de 65%), les engrais (+ de 72%), le ma\u00efs (+ de 72%), l\u2019orge (+ de 65%) etc. [&hellip;]<\/p>\n","protected":false},"author":1969,"featured_media":0,"comment_status":"closed","ping_status":"closed","sticky":false,"template":"","format":"standard","meta":{"fifu_image_url":"","fifu_image_alt":"","footnotes":""},"categories":[82,78],"tags":[],"class_list":["post-129362","post","type-post","status-publish","format-standard","hentry","category-cameroun","category-economie"],"_links":{"self":[{"href":"https:\/\/linitiative.ca\/International\/wp-json\/wp\/v2\/posts\/129362","targetHints":{"allow":["GET"]}}],"collection":[{"href":"https:\/\/linitiative.ca\/International\/wp-json\/wp\/v2\/posts"}],"about":[{"href":"https:\/\/linitiative.ca\/International\/wp-json\/wp\/v2\/types\/post"}],"author":[{"embeddable":true,"href":"https:\/\/linitiative.ca\/International\/wp-json\/wp\/v2\/users\/1969"}],"replies":[{"embeddable":true,"href":"https:\/\/linitiative.ca\/International\/wp-json\/wp\/v2\/comments?post=129362"}],"version-history":[{"count":0,"href":"https:\/\/linitiative.ca\/International\/wp-json\/wp\/v2\/posts\/129362\/revisions"}],"wp:attachment":[{"href":"https:\/\/linitiative.ca\/International\/wp-json\/wp\/v2\/media?parent=129362"}],"wp:term":[{"taxonomy":"category","embeddable":true,"href":"https:\/\/linitiative.ca\/International\/wp-json\/wp\/v2\/categories?post=129362"},{"taxonomy":"post_tag","embeddable":true,"href":"https:\/\/linitiative.ca\/International\/wp-json\/wp\/v2\/tags?post=129362"}],"curies":[{"name":"wp","href":"https:\/\/api.w.org\/{rel}","templated":true}]}}