{"id":129363,"date":"2021-10-07T12:55:13","date_gmt":"2021-10-07T16:55:13","guid":{"rendered":"https:\/\/linitiative.ca\/International\/cameroun-onu-habitat-la-question-de-la-planification-preoccupe\/"},"modified":"2021-10-07T12:55:13","modified_gmt":"2021-10-07T16:55:13","slug":"cameroun-onu-habitat-la-question-de-la-planification-preoccupe","status":"publish","type":"post","link":"https:\/\/linitiative.ca\/International\/cameroun-onu-habitat-la-question-de-la-planification-preoccupe\/","title":{"rendered":"Cameroun\/ONU-Habitat : la question de la planification pr\u00e9occupe"},"content":{"rendered":"<div>\n<p>C\u2019est depuis le samedi 1er octobre 2021 que la Secr\u00e9taire g\u00e9n\u00e9rale adjointe des Nations unies et Directrice ex\u00e9cutive de l\u2019ONU-Habitat, Maimunah Mohd Sharif, s\u00e9journe au Cameroun. Dans son agenda figurait plusieurs points cruciaux notamment la c\u00e9l\u00e9bration de la journ\u00e9e mondiale de l\u2019habitat qui a eu lieu le 4 octobre, des visites de travail avec les diff\u00e9rents membres du gouvernement notamment.<\/p>\n<p><strong>Lire aussi<\/strong> : <strong><a href=\"https:\/\/ecomatin.net\/le-cameroun-celebre-la-35e-edition-de-la-journee-internationale-de-lhabitat\/\">Le Cameroun c\u00e9l\u00e8bre la 35e \u00e9dition de la journ\u00e9e internationale de l\u2019habitat<\/a><\/strong><\/p>\n<p>Pour le cas pr\u00e9cis des rencontres avec les diff\u00e9rents membres du gouvernement, Maimunah Mohd Sharif a \u00e9t\u00e9 re\u00e7u le 5 octobre par le ministre de l\u2019Economie, de la planification et de l\u2019am\u00e9nagement du territoire (Minepat), Alamine Ousmane Mey. Les deux personnalit\u00e9s ont alors tabl\u00e9 sur plusieurs sujets. \u00ab Le premier \u00e9l\u00e9ment sur lequel nous avons \u00e9chang\u00e9 est la question des villes vertes, mais aussi la r\u00e9silience aux changements climatiques, et un ensemble d\u2019autres probl\u00e8mes que l\u2019on voit. Nous avons aussi discut\u00e9 sur comment renforcer la dynamique de planification, surtout en regardant ce qui se passe dans les villes int\u00e9rieures, pour s\u2019assurer d\u2019avoir un d\u00e9veloppement int\u00e9gr\u00e9e, inclusif et coh\u00e9rent \u00bb, confie Maimunah Mohd Sharif.<\/p>\n<p>Les deux personnalit\u00e9s ont profit\u00e9 de cette audience pour envisager leur coop\u00e9ration future qui s\u2019articulera sur des urgences techniques et envisage s\u2019\u00e9largir aux autres d\u00e9partements minist\u00e9riels. \u00ab L\u2019autre aspect sur lequel nous nous sommes appesantis est de savoir comment sera orient\u00e9 notre collaboration. Nous avons alors convenu d\u2019avoir des urgences techniques, et c\u2019est \u00e0 partir de l\u00e0 que l\u2019on verra comment impliqu\u00e9 d\u2019avantage les partenaires au d\u00e9veloppement dans ce processus mais aussi voir comment \u00e9largir ce partenariat aux autres minist\u00e8res qui ont aussi un r\u00f4le \u00e0 jouer \u00bb, rajoute la Secr\u00e9taire g\u00e9n\u00e9rale adjointe des Nations unies et Directrice ex\u00e9cutive de l\u2019ONU-Habitat.<\/p>\n<p><strong>Lire aussi <\/strong>: <strong><a href=\"https:\/\/ecomatin.net\/limbe-ville-la-plus-propre-du-cameroun\/\">Limbe, ville la plus propre du Cameroun<\/a><\/strong><\/p>\n<p>Apr\u00e8s le Minepat cette derni\u00e8re a \u00e9t\u00e9 re\u00e7ue par le ministre de l\u2019Environnement, de la protection de la nature et du d\u00e9veloppement durable. Notons que la veille elle a \u00e9t\u00e9 re\u00e7u par le Premier ministre, Joseph Dion Ngute, qui l\u2019a \u00e9lev\u00e9 au rang de Chevalier de l\u2019ordre de la Valeur sur instructions du Chef de l\u2019Etat. Au vu de tout ceci, elle affirme \u00eatre tr\u00e8s ravie d\u2019\u00eatre au Cameroun et remercie le gouvernement et le peuple camerounais pour l\u2019accueil que lui a \u00e9t\u00e9 r\u00e9serv\u00e9 durant son s\u00e9jour.<\/p>\n<p><strong>Ebolowa 2e, commune la plus propre du Cameroun en 2021<\/strong><\/p>\n<p>Toujours dans l\u2019agenda de la Secr\u00e9taire g\u00e9n\u00e9rale adjointe des Nations unies et Directrice ex\u00e9cutive de l\u2019ONU-Habitat, Maimunah Mohd Sharif, figurait la\u00a0c\u00e9l\u00e9bration de la journ\u00e9e internationale de l\u2019habitat. Le Cameroun qui a accueilli ce rendez-vous mondial le 4 octobre dernier a mis en place une s\u00e9rie d\u2019activit\u00e9s devant lui permettre \u00e0 sa mani\u00e8re de c\u00e9l\u00e9brer cette journ\u00e9e.<\/p>\n<p><strong>Lire aussi<\/strong> : <strong><a href=\"https:\/\/ecomatin.net\/cameroun-bientot-les-logements-sociaux-de-3-chambres-a-75-millions-de-fcfa\/\">Cameroun : bient\u00f4t les logements sociaux de 3 chambres \u00e0 7,5 millions de FCFA<\/a><\/strong><\/p>\n<p>Dans le cadre des activit\u00e9s li\u00e9es \u00e0 cette c\u00e9r\u00e9monie Maimunah Mohd Sharif, a particip\u00e9 \u00e0 l\u2019apoth\u00e9ose de cette journ\u00e9e tenue \u00e0 l\u2019h\u00f4tel de ville de Yaound\u00e9 et qui a vu la remise du prix de \u2018\u2018Villes les plus propres\u2019\u2019 du Concours national d\u2019hygi\u00e8ne et salubrit\u00e9, lanc\u00e9 il y\u2019a quelques mois par le minist\u00e8re de l\u2019Habitat et du d\u00e9veloppement urbain (Minhdu), sur l\u2019ensemble du territoire. Le vainqueur de cette \u00e9dition 2021, est alors la commune d\u2019Ebolowa 2e dans la r\u00e9gion du Sud Cameroun. Elle empoche la somme de 100 millions de Fcfa et succ\u00e8de ainsi \u00e0 la\u00a0commune de Limb\u00e9 en 2020\u00a0et Bagant\u00e9 en 2019. Les deuxi\u00e8mes et troisi\u00e8mes marches du podium sont occup\u00e9es par les communes de Douala 2e (85 millions de Fcfa) et de Buea (75 millions de Fcfa). A aussi \u00e9t\u00e9 prim\u00e9 au cours de cette c\u00e9r\u00e9monie la commune Mbenguy dans le Nord-Ouest. Elle a re\u00e7u le prix sp\u00e9cial Scroll of Honour de l\u2019ONU-Habitat. Indiquons ici que la prochaine \u00e9dition de la c\u00e9l\u00e9bration de la journ\u00e9e mondiale de l\u2019habitat se c\u00e9l\u00e8brera dans la ville de Bertoua, r\u00e9gion de l\u2019Est.<\/p>\n<p>Toujours en pr\u00e9lude \u00e0 cet \u00e9v\u00e8nement, la Secr\u00e9taire g\u00e9n\u00e9rale adjointe des Nations unies et Directrice ex\u00e9cutive de l\u2019ONU-Habitat, a tenu une rencontre de haut niveau au Fonds sp\u00e9cial d\u2019\u00e9quipement et d\u2019intervention intercommunale (Feicom), sur la restructuration urbaine, sous la pr\u00e9sidence du Mindhu.<\/p>\n<p><strong>Lire aussi<\/strong> : <strong><a href=\"https:\/\/ecomatin.net\/shelter-afrique-va-financer-3000-logements-sociaux-au-cameroun\/\">Shelter Afrique va financer 3000 logements sociaux au Cameroun<\/a><\/strong><\/p>\n<p>L\u2019article <a rel=\"nofollow\" href=\"https:\/\/ecomatin.net\/cameroun-onu-habitat-la-question-n-de-la-planification-preoccupe\/\">Cameroun\/ONU-Habitat : la question de la planification pr\u00e9occupe<\/a> est apparu en premier sur <a rel=\"nofollow\" href=\"https:\/\/ecomatin.net\/\">EcoMatin<\/a>.<\/p>\n<\/div>\n<p>Auteur: Cindy MBALA<br \/>\n<a href=\"https:\/\/ecomatin.net\/cameroun-onu-habitat-la-question-n-de-la-planification-preoccupe\/\">Cliquez ici pour lire l&rsquo;article depuis sa source.<\/a><\/p>\n","protected":false},"excerpt":{"rendered":"<p>C\u2019est depuis le samedi 1er octobre 2021 que la Secr\u00e9taire g\u00e9n\u00e9rale adjointe des Nations unies et Directrice ex\u00e9cutive de l\u2019ONU-Habitat, Maimunah Mohd Sharif, s\u00e9journe au Cameroun. Dans son agenda figurait plusieurs points cruciaux notamment la c\u00e9l\u00e9bration de la journ\u00e9e mondiale de l\u2019habitat qui a eu lieu le 4 octobre, des visites de travail avec les [&hellip;]<\/p>\n","protected":false},"author":1969,"featured_media":0,"comment_status":"closed","ping_status":"closed","sticky":false,"template":"","format":"standard","meta":{"fifu_image_url":"","fifu_image_alt":"","footnotes":""},"categories":[82,78],"tags":[],"class_list":["post-129363","post","type-post","status-publish","format-standard","hentry","category-cameroun","category-economie"],"_links":{"self":[{"href":"https:\/\/linitiative.ca\/International\/wp-json\/wp\/v2\/posts\/129363","targetHints":{"allow":["GET"]}}],"collection":[{"href":"https:\/\/linitiative.ca\/International\/wp-json\/wp\/v2\/posts"}],"about":[{"href":"https:\/\/linitiative.ca\/International\/wp-json\/wp\/v2\/types\/post"}],"author":[{"embeddable":true,"href":"https:\/\/linitiative.ca\/International\/wp-json\/wp\/v2\/users\/1969"}],"replies":[{"embeddable":true,"href":"https:\/\/linitiative.ca\/International\/wp-json\/wp\/v2\/comments?post=129363"}],"version-history":[{"count":0,"href":"https:\/\/linitiative.ca\/International\/wp-json\/wp\/v2\/posts\/129363\/revisions"}],"wp:attachment":[{"href":"https:\/\/linitiative.ca\/International\/wp-json\/wp\/v2\/media?parent=129363"}],"wp:term":[{"taxonomy":"category","embeddable":true,"href":"https:\/\/linitiative.ca\/International\/wp-json\/wp\/v2\/categories?post=129363"},{"taxonomy":"post_tag","embeddable":true,"href":"https:\/\/linitiative.ca\/International\/wp-json\/wp\/v2\/tags?post=129363"}],"curies":[{"name":"wp","href":"https:\/\/api.w.org\/{rel}","templated":true}]}}