{"id":129372,"date":"2021-10-08T11:41:22","date_gmt":"2021-10-08T15:41:22","guid":{"rendered":"https:\/\/linitiative.ca\/International\/passation-de-pouvoirs-entre-m-saad-dine-el-otmani-et-le-nouveau-chef-du-gouvernement-m-aziz-akhannouch\/"},"modified":"2021-10-08T11:41:22","modified_gmt":"2021-10-08T15:41:22","slug":"passation-de-pouvoirs-entre-m-saad-dine-el-otmani-et-le-nouveau-chef-du-gouvernement-m-aziz-akhannouch","status":"publish","type":"post","link":"https:\/\/linitiative.ca\/International\/passation-de-pouvoirs-entre-m-saad-dine-el-otmani-et-le-nouveau-chef-du-gouvernement-m-aziz-akhannouch\/","title":{"rendered":"Passation de pouvoirs entre M. Saad Dine El Otmani et le nouveau Chef du gouvernement M. Aziz Akhannouch"},"content":{"rendered":"<div>\n<p><img decoding=\"async\" width=\"300\" height=\"153\" src=\"https:\/\/linitiative.ca\/International\/wp-content\/uploads\/sites\/23\/2021\/10\/Passation-de-pouvoirs-entre-M.-Saad-Dine-El-Otmani-et-le-nouveau-Chef-du-gouvernement-M.-Aziz-Akhannouch-2-300x153-1.jpg\" class=\"attachment-medium size-medium wp-post-image\" alt=\"\" loading=\"lazy\" srcset=\"https:\/\/linitiative.ca\/International\/wp-content\/uploads\/sites\/23\/2021\/10\/Passation-de-pouvoirs-entre-M.-Saad-Dine-El-Otmani-et-le-nouveau-Chef-du-gouvernement-M.-Aziz-Akhannouch-2-300x153-1.jpg 300w, https:\/\/aujourdhui.ma\/wp-content\/uploads\/2021\/10\/Passation-de-pouvoirs-entre-M.-Saad-Dine-El-Otmani-et-le-nouveau-Chef-du-gouvernement-M.-Aziz-Akhannouch-2-274x140.jpg 274w, https:\/\/aujourdhui.ma\/wp-content\/uploads\/2021\/10\/Passation-de-pouvoirs-entre-M.-Saad-Dine-El-Otmani-et-le-nouveau-Chef-du-gouvernement-M.-Aziz-Akhannouch-2.jpg 746w, https:\/\/aujourdhui.ma\/wp-content\/uploads\/2021\/10\/Passation-de-pouvoirs-entre-M.-Saad-Dine-El-Otmani-et-le-nouveau-Chef-du-gouvernement-M.-Aziz-Akhannouch-2-165x84.jpg 165w, https:\/\/aujourdhui.ma\/wp-content\/uploads\/2021\/10\/Passation-de-pouvoirs-entre-M.-Saad-Dine-El-Otmani-et-le-nouveau-Chef-du-gouvernement-M.-Aziz-Akhannouch-2-702x358.jpg 702w\" sizes=\"auto, (max-width: 300px) 100vw, 300px\"><\/p>\n<p><span style=\"color: #800000;\"><strong>La c\u00e9r\u00e9monie de passation de pouvoirs entre M. Saad Dine El Otmani et M. Aziz Akhannouch, nomm\u00e9 chef du gouvernement par SM le Roi Mohammed VI, a eu lieu vendredi matin.<\/strong><\/span><\/p>\n<p><span id=\"more-388626\"><\/span><\/p>\n<p>Dans une allocution \u00e0 cette occasion, M. El Otmani a f\u00e9licit\u00e9 M. Akhannouch pour la confiance plac\u00e9e en lui par le Souverain, souhaitant au nouvel Ex\u00e9cutif plein succ\u00e8s dans l\u2019accomplissement de sa mission.<\/p>\n<p>\u00a0<\/p>\n<p>Il a \u00e9galement exprim\u00e9 \u00e0 M. Akhannouch ses voeux de pleine r\u00e9ussite dans ses nouvelles fonctions au cours des prochaines ann\u00e9es au service du Royaume, pour r\u00e9aliser d\u2019excellents r\u00e9sultats au vu des grands d\u00e9fis \u00e0 relever, notamment ceux li\u00e9s \u00e0 la Covid-19.<\/p>\n<p>\u00a0<\/p>\n<p>De son c\u00f4t\u00e9, M. Akhannouch a lou\u00e9 les qualit\u00e9s de M. El Otmani, saluant le s\u00e9rieux ayant marqu\u00e9 l\u2019action de la majorit\u00e9 gouvernementale en d\u00e9pit des difficult\u00e9s que peut affronter tout Ex\u00e9cutif, aussi bien politiques, conjoncturelles que celles li\u00e9es \u00e0 la pand\u00e9mie.<\/p>\n<p>\u00a0<\/p>\n<p>Il a aussi f\u00e9licit\u00e9 M. El Otmani pour la r\u00e9ussite des actions du gouvernement sortant qui ont donn\u00e9 lieu \u00e0 de grands r\u00e9sultats, notant que l\u2019ancien Ex\u00e9cutif s\u2019est attel\u00e9 \u00e0 la mise en oeuvre de plusieurs chantiers socio-\u00e9conomiques et de d\u00e9veloppement sous la conduite de SM le Roi Mohammed VI.<\/p>\n<div class=\"mom_images_grid mom_images_3_cols\">\n<ul class=\"galleryslider\">\n<li class=\"first\"><a href=\"https:\/\/aujourdhui.ma\/wp-content\/uploads\/2021\/10\/Passation-de-pouvoirs-entre-M.-Saad-Dine-El-Otmani-et-le-nouveau-Chef-du-gouvernement-M.-Aziz-Akhannouch-4.jpg\" data-title=\"\" title=\"Passation-de-pouvoirs-entre-M.-Saad-Dine-El-Otmani-et-le-nouveau-Chef-du-gouvernement-M.-Aziz-Akhannouch-4\"><img decoding=\"async\" alt=\"Passation-de-pouvoirs-entre-M.-Saad-Dine-El-Otmani-et-le-nouveau-Chef-du-gouvernement-M.-Aziz-Akhannouch-4\" src=\"https:\/\/linitiative.ca\/International\/wp-content\/uploads\/sites\/23\/2021\/10\/Passation-de-pouvoirs-entre-M.-Saad-Dine-El-Otmani-et-le-nouveau-Chef-du-gouvernement-M.-Aziz-Akhannouch-4-746x380-1.jpg\"><\/a><\/li>\n<li class=\"\"><a href=\"https:\/\/aujourdhui.ma\/wp-content\/uploads\/2021\/10\/Passation-de-pouvoirs-entre-M.-Saad-Dine-El-Otmani-et-le-nouveau-Chef-du-gouvernement-M.-Aziz-Akhannouch-3.jpg\" data-title=\"\" title=\"Passation-de-pouvoirs-entre-M.-Saad-Dine-El-Otmani-et-le-nouveau-Chef-du-gouvernement-M.-Aziz-Akhannouch-3\"><img decoding=\"async\" alt=\"Passation-de-pouvoirs-entre-M.-Saad-Dine-El-Otmani-et-le-nouveau-Chef-du-gouvernement-M.-Aziz-Akhannouch-3\" src=\"https:\/\/linitiative.ca\/International\/wp-content\/uploads\/sites\/23\/2021\/10\/Passation-de-pouvoirs-entre-M.-Saad-Dine-El-Otmani-et-le-nouveau-Chef-du-gouvernement-M.-Aziz-Akhannouch-3-746x380-1.jpg\"><\/a><\/li>\n<li class=\"last\"><a href=\"https:\/\/aujourdhui.ma\/wp-content\/uploads\/2021\/10\/Passation-de-pouvoirs-entre-M.-Saad-Dine-El-Otmani-et-le-nouveau-Chef-du-gouvernement-M.-Aziz-Akhannouch-2.jpg\" data-title=\"\" title=\"Passation-de-pouvoirs-entre-M.-Saad-Dine-El-Otmani-et-le-nouveau-Chef-du-gouvernement-M.-Aziz-Akhannouch-2\"><img decoding=\"async\" alt=\"Passation-de-pouvoirs-entre-M.-Saad-Dine-El-Otmani-et-le-nouveau-Chef-du-gouvernement-M.-Aziz-Akhannouch-2\" src=\"https:\/\/linitiative.ca\/International\/wp-content\/uploads\/sites\/23\/2021\/10\/Passation-de-pouvoirs-entre-M.-Saad-Dine-El-Otmani-et-le-nouveau-Chef-du-gouvernement-M.-Aziz-Akhannouch-2-746x380-1.jpg\"><\/a><\/li>\n<li class=\"first\"><a href=\"https:\/\/aujourdhui.ma\/wp-content\/uploads\/2021\/10\/Passation-de-pouvoirs-entre-M.-Saad-Dine-El-Otmani-et-le-nouveau-Chef-du-gouvernement-M.-Aziz-Akhannouch-1.jpg\" data-title=\"\" title=\"Passation-de-pouvoirs-entre-M.-Saad-Dine-El-Otmani-et-le-nouveau-Chef-du-gouvernement-M.-Aziz-Akhannouch-1\"><img decoding=\"async\" alt=\"Passation-de-pouvoirs-entre-M.-Saad-Dine-El-Otmani-et-le-nouveau-Chef-du-gouvernement-M.-Aziz-Akhannouch-1\" src=\"https:\/\/linitiative.ca\/International\/wp-content\/uploads\/sites\/23\/2021\/10\/Passation-de-pouvoirs-entre-M.-Saad-Dine-El-Otmani-et-le-nouveau-Chef-du-gouvernement-M.-Aziz-Akhannouch-1-746x380-1.jpg\"><\/a><\/li>\n<li class=\"\"><a href=\"https:\/\/aujourdhui.ma\/wp-content\/uploads\/2021\/10\/Passation-de-pouvoirs-entre-M.-Saad-Dine-El-Otmani-et-le-nouveau-Chef-du-gouvernement-M.-Aziz-Akhannouch.jpg\" data-title=\"\" title=\"Passation-de-pouvoirs-entre-M.-Saad-Dine-El-Otmani-et-le-nouveau-Chef-du-gouvernement-M.-Aziz-Akhannouch\"><img decoding=\"async\" alt=\"Passation-de-pouvoirs-entre-M.-Saad-Dine-El-Otmani-et-le-nouveau-Chef-du-gouvernement-M.-Aziz-Akhannouch\" src=\"https:\/\/linitiative.ca\/International\/wp-content\/uploads\/sites\/23\/2021\/10\/Passation-de-pouvoirs-entre-M.-Saad-Dine-El-Otmani-et-le-nouveau-Chef-du-gouvernement-M.-Aziz-Akhannouch-746x380-1.jpg\"><\/a><\/li>\n<\/ul>\n<\/div>\n<\/div>\n<p>Auteur: ALM<br \/>\n<a href=\"https:\/\/aujourdhui.ma\/politique\/passation-de-pouvoirs-entre-m-saad-dine-el-otmani-et-le-nouveau-chef-du-gouvernement-m-aziz-akhannouch\">Cliquez ici pour lire l&rsquo;article depuis sa source.<\/a><\/p>\n","protected":false},"excerpt":{"rendered":"<p>La c\u00e9r\u00e9monie de passation de pouvoirs entre M. Saad Dine El Otmani et M. Aziz Akhannouch, nomm\u00e9 chef du gouvernement par SM le Roi Mohammed VI, a eu lieu vendredi matin. Dans une allocution \u00e0 cette occasion, M. El Otmani a f\u00e9licit\u00e9 M. Akhannouch pour la confiance plac\u00e9e en lui par le Souverain, souhaitant au [&hellip;]<\/p>\n","protected":false},"author":1759,"featured_media":0,"comment_status":"closed","ping_status":"closed","sticky":false,"template":"","format":"standard","meta":{"fifu_image_url":"https:\/\/aujourdhui.ma\/wp-content\/uploads\/2021\/10\/Passation-de-pouvoirs-entre-M.-Saad-Dine-El-Otmani-et-le-nouveau-Chef-du-gouvernement-M.-Aziz-Akhannouch-2-300x153.jpg","fifu_image_alt":"Passation de pouvoirs entre M. Saad Dine El Otmani et le nouveau Chef du gouvernement M. Aziz Akhannouch","footnotes":""},"categories":[73,54],"tags":[],"class_list":["post-129372","post","type-post","status-publish","format-standard","hentry","category-actualite","category-maroc"],"_links":{"self":[{"href":"https:\/\/linitiative.ca\/International\/wp-json\/wp\/v2\/posts\/129372","targetHints":{"allow":["GET"]}}],"collection":[{"href":"https:\/\/linitiative.ca\/International\/wp-json\/wp\/v2\/posts"}],"about":[{"href":"https:\/\/linitiative.ca\/International\/wp-json\/wp\/v2\/types\/post"}],"author":[{"embeddable":true,"href":"https:\/\/linitiative.ca\/International\/wp-json\/wp\/v2\/users\/1759"}],"replies":[{"embeddable":true,"href":"https:\/\/linitiative.ca\/International\/wp-json\/wp\/v2\/comments?post=129372"}],"version-history":[{"count":0,"href":"https:\/\/linitiative.ca\/International\/wp-json\/wp\/v2\/posts\/129372\/revisions"}],"wp:attachment":[{"href":"https:\/\/linitiative.ca\/International\/wp-json\/wp\/v2\/media?parent=129372"}],"wp:term":[{"taxonomy":"category","embeddable":true,"href":"https:\/\/linitiative.ca\/International\/wp-json\/wp\/v2\/categories?post=129372"},{"taxonomy":"post_tag","embeddable":true,"href":"https:\/\/linitiative.ca\/International\/wp-json\/wp\/v2\/tags?post=129372"}],"curies":[{"name":"wp","href":"https:\/\/api.w.org\/{rel}","templated":true}]}}