{"id":129379,"date":"2021-10-07T14:00:00","date_gmt":"2021-10-07T18:00:00","guid":{"rendered":"https:\/\/linitiative.ca\/International\/college-des-salaries-moukharik-exprime-sa-satisfaction-du-classement-de-lumt\/"},"modified":"2021-10-07T14:00:00","modified_gmt":"2021-10-07T18:00:00","slug":"college-des-salaries-moukharik-exprime-sa-satisfaction-du-classement-de-lumt","status":"publish","type":"post","link":"https:\/\/linitiative.ca\/International\/college-des-salaries-moukharik-exprime-sa-satisfaction-du-classement-de-lumt\/","title":{"rendered":"Coll\u00e8ge des salari\u00e9s : Moukharik exprime sa satisfaction du classement de l\u2019UMT"},"content":{"rendered":"<div>\n<p class=\"has-text-align-center has-vivid-red-color has-text-color\"><strong>Elections des membres de la Chambres de Conseillers<\/strong><\/p>\n<p class=\"has-black-color has-text-color\"><strong>Le secr\u00e9taire g\u00e9n\u00e9ral de l\u2019Union marocaine du travail, Miloudi Moukharik, a exprim\u00e9 sa satisfaction du classement de l\u2019UMT au premier rang des r\u00e9sultats des \u00e9lections du coll\u00e8ge des salari\u00e9s \u00e0 la Chambre des Conseillers organis\u00e9es mardi.<\/strong><\/p>\n<p class=\"has-black-color has-text-color\">\u00ab\u00a0Nous sommes fiers de la confiance accord\u00e9e \u00e0 notre syndicat par le coll\u00e8ge \u00e9lectoral des salari\u00e9s \u00e0 travers le territoire national\u00a0\u00bb, a affirm\u00e9 M. Moukharik dans une d\u00e9claration \u00e0 la MAP, notant que ces r\u00e9sultats permettront \u00e0 l\u2019UMT de constituer un groupe parlementaire \u00e0 m\u00eame de r\u00e9pondre aux aspirations des salari\u00e9s.<\/p>\n<p class=\"has-black-color has-text-color\">Soulignant l\u2019importance que rev\u00eatent ces \u00e9lections pour la classe ouvri\u00e8re, M. Moukharik a indiqu\u00e9 que l\u2019UMT jouera pleinement son r\u00f4le dans la d\u00e9fense des attentes des salari\u00e9s et des couches populaires.<\/p>\n<p class=\"has-black-color has-text-color\">Le groupe parlementaire de l\u2019UMT s\u2019attachera \u00e9galement \u00e0 transmettre les probl\u00e8mes et les pr\u00e9occupations des citoyens \u00e0 la Chambre des Conseillers, une institution qui refl\u00e8te la dimension territoriale, \u00e9conomique et sociale au sein du Parlement en termes de pouvoirs dont elle dispose dans le domaine de la l\u00e9gislation et du contr\u00f4le de l\u2019action du gouvernement.<\/p>\n<p class=\"has-black-color has-text-color\">M. Moukharik a, en outre, fait part de son souhait que le prochain gouvernement fera preuve du sens de l\u2019\u00e9coute et de la n\u00e9gociation avec les membres de la Chambre des Conseillers afin de faire avancer l\u2019action l\u00e9gislative.<\/p>\n<p class=\"has-black-color has-text-color\">S\u2019agissant des si\u00e8ges d\u00e9di\u00e9s au coll\u00e8ge \u00e9lectoral des repr\u00e9sentants des salari\u00e9s, et sur la base des r\u00e9sultats provisoires annonc\u00e9s par les bureaux de vote et les bureaux centralisateurs au niveau national, ils se r\u00e9partissent comme suit : l\u2019Union marocaine du travail: 8 si\u00e8ges, l\u2019Union g\u00e9n\u00e9rale des travailleurs du Maroc (UGTM) : 6 si\u00e8ges, la Conf\u00e9d\u00e9ration d\u00e9mocratique du travail (CDT) : 3 si\u00e8ges, l\u2019Union nationale du travail au Maroc (UNTM) : 2 si\u00e8ges et la F\u00e9d\u00e9ration d\u00e9mocratique du travail (FDT) : 1 si\u00e8ge.<\/p>\n<p>L\u2019article <a rel=\"nofollow\" href=\"http:\/\/albayane.press.ma\/college-des-salaries-moukharik-exprime-sa-satisfaction-du-classement-de-lumt.html\">Coll\u00e8ge des salari\u00e9s : Moukharik exprime sa satisfaction du classement de l\u2019UMT<\/a> est apparu en premier sur <a rel=\"nofollow\" href=\"http:\/\/albayane.press.ma\/\">ALBAYANE<\/a>.<\/p>\n<\/div>\n<p>Auteur: M&rsquo;hammed rahal<br \/>\n<a href=\"http:\/\/albayane.press.ma\/college-des-salaries-moukharik-exprime-sa-satisfaction-du-classement-de-lumt.html\">Cliquez ici pour lire l&rsquo;article depuis sa source.<\/a><\/p>\n","protected":false},"excerpt":{"rendered":"<p>Elections des membres de la Chambres de Conseillers Le secr\u00e9taire g\u00e9n\u00e9ral de l\u2019Union marocaine du travail, Miloudi Moukharik, a exprim\u00e9 sa satisfaction du classement de l\u2019UMT au premier rang des r\u00e9sultats des \u00e9lections du coll\u00e8ge des salari\u00e9s \u00e0 la Chambre des Conseillers organis\u00e9es mardi. \u00ab\u00a0Nous sommes fiers de la confiance accord\u00e9e \u00e0 notre syndicat par [&hellip;]<\/p>\n","protected":false},"author":1760,"featured_media":0,"comment_status":"closed","ping_status":"closed","sticky":false,"template":"","format":"standard","meta":{"fifu_image_url":"","fifu_image_alt":"","footnotes":""},"categories":[73,54],"tags":[],"class_list":["post-129379","post","type-post","status-publish","format-standard","hentry","category-actualite","category-maroc"],"_links":{"self":[{"href":"https:\/\/linitiative.ca\/International\/wp-json\/wp\/v2\/posts\/129379","targetHints":{"allow":["GET"]}}],"collection":[{"href":"https:\/\/linitiative.ca\/International\/wp-json\/wp\/v2\/posts"}],"about":[{"href":"https:\/\/linitiative.ca\/International\/wp-json\/wp\/v2\/types\/post"}],"author":[{"embeddable":true,"href":"https:\/\/linitiative.ca\/International\/wp-json\/wp\/v2\/users\/1760"}],"replies":[{"embeddable":true,"href":"https:\/\/linitiative.ca\/International\/wp-json\/wp\/v2\/comments?post=129379"}],"version-history":[{"count":0,"href":"https:\/\/linitiative.ca\/International\/wp-json\/wp\/v2\/posts\/129379\/revisions"}],"wp:attachment":[{"href":"https:\/\/linitiative.ca\/International\/wp-json\/wp\/v2\/media?parent=129379"}],"wp:term":[{"taxonomy":"category","embeddable":true,"href":"https:\/\/linitiative.ca\/International\/wp-json\/wp\/v2\/categories?post=129379"},{"taxonomy":"post_tag","embeddable":true,"href":"https:\/\/linitiative.ca\/International\/wp-json\/wp\/v2\/tags?post=129379"}],"curies":[{"name":"wp","href":"https:\/\/api.w.org\/{rel}","templated":true}]}}