{"id":129380,"date":"2021-10-07T14:00:00","date_gmt":"2021-10-07T18:00:00","guid":{"rendered":"https:\/\/linitiative.ca\/International\/le-pps-va-poursuivre-sa-lutte-pour-lapprofondissement-de-la-pratique-democratique\/"},"modified":"2021-10-07T14:00:00","modified_gmt":"2021-10-07T18:00:00","slug":"le-pps-va-poursuivre-sa-lutte-pour-lapprofondissement-de-la-pratique-democratique","status":"publish","type":"post","link":"https:\/\/linitiative.ca\/International\/le-pps-va-poursuivre-sa-lutte-pour-lapprofondissement-de-la-pratique-democratique\/","title":{"rendered":"Le PPS va poursuivre sa lutte pour l\u2019approfondissement de la pratique d\u00e9mocratique"},"content":{"rendered":"<div>\n<p class=\"has-text-align-center has-vivid-red-color has-text-color\"><strong>Dans le communiqu\u00e9 hebdomadaire de son bureau politique<\/strong><\/p>\n<p class=\"has-black-color has-text-color\"><strong>Lors de sa r\u00e9union hebdomadaire, tenue mercredi 6 octobre 2021, le bureau politique du Parti du Progr\u00e8s et du Socialisme s\u2019est arr\u00eat\u00e9 sur le d\u00e9roulement et les r\u00e9sultats du scrutin du 5 octobre relatif \u00e0 l\u2019\u00e9lection des membres de la Chambre des Conseillers. Il a enregistr\u00e9, \u00e0 ce propos, le regret et la d\u00e9ception du Parti du Progr\u00e8s et du Socialisme, compte tenu de la non- r\u00e9alisation des objectifs qu\u2019il s\u2019est fix\u00e9 et auxquels il aspirait pour concr\u00e9tiser les r\u00e9sultats positifs que le parti a obtenus lors des \u00e9ch\u00e9ances \u00e9lectorales du 8 septembre 2021.<\/strong><\/p>\n<p class=\"has-black-color has-text-color\"><strong>Le parti va s\u2019atteler \u00e0 une analyse exhaustive de la question au cours de la prochaine session du comit\u00e9 central, concernant aussi bien les conditions de d\u00e9roulement de ce scrutin que les diff\u00e9rents aspects de l\u2019action partisane, notamment concernant\u00a0ses erreurs, ses manquements et ses d\u00e9faillances.<\/strong><\/p>\n<p class=\"has-black-color has-text-color\"><strong>Dans l\u2019attente, le bureau politique r\u00e9it\u00e8re la position que le Parti du Progr\u00e8s et du Socialisme a constamment exprim\u00e9e \u00e0 propos de l\u2019utilit\u00e9 effective de la Chambre des Conseillers dans la l\u2019architecture constitutionnelle nationale, de ses missions politiques et de ses fonctions institutionnelles, ind\u00e9pendamment de la repr\u00e9sentation ou non de notre parti en son sein. Cette position se fonde sur des interrogations profondes et pertinentes en rapport avec la structuration de cette chambre et le mode d\u2019\u00e9lection de ses membres qu\u2019il convient de r\u00e9viser en profondeur dans le cas de son maintien.<\/strong><\/p>\n<p class=\"has-black-color has-text-color\"><strong>Le parti s\u2019inscrit dans cette approche compte tenu des pratiques malsaines qui ont \u00e9maill\u00e9 de nouveau les \u00e9lections de la Chambre des Conseillers et qui portent grandement atteinte au processus d\u00e9mocratique dans notre pays tant au niveau de la campagne \u00e9lectorale, de l\u2019op\u00e9ration de vote et du processus d\u2019annonce des r\u00e9sultats, qu\u2019au niveau de l\u2019utilisation massive et excessive de l\u2019argent de mani\u00e8re totalement contraire \u00e0 la loi, \u00e0 l\u2019\u00e9thique, \u00e0 l\u2019engagement politique et aux r\u00e8gles les plus \u00e9l\u00e9mentaires de la concurrence loyale, libre et \u00e9quitable<\/strong>.<\/p>\n<p class=\"has-black-color has-text-color\"><strong>A ce propos, le Parti du Progr\u00e8s et du Socialisme va poursuivre son action et sa lutte pour que les \u00e9lections saines, probes et transparentes soient l\u2019axe principal de l\u2019approfondissement de la pratique d\u00e9mocratique dans notre pays et un \u00e9l\u00e9ment d\u00e9cisif de la r\u00e9forme du champ politique, du r\u00e9tablissement de la confiance, de la r\u00e9habilitation de l\u2019acte politique noble, de la r\u00e9conciliation des citoyens avec la chose publique et de la consolidation de la cr\u00e9dibilit\u00e9 des institutions \u00e9lues, \u00e0 travers l\u2019int\u00e9gration effective et r\u00e9elle des meilleures potentialit\u00e9s et capacit\u00e9s que rec\u00e8le notre pays. \u00a0\u00a0\u00a0\u00a0\u00a0\u00a0\u00a0\u00a0\u00a0<\/strong><\/p>\n<p>L\u2019article <a rel=\"nofollow\" href=\"http:\/\/albayane.press.ma\/le-pps-va-poursuivre-sa-lutte-pour-lapprofondissement-de-la-pratique-democratique.html\">Le PPS va poursuivre sa lutte pour l\u2019approfondissement de la pratique d\u00e9mocratique<\/a> est apparu en premier sur <a rel=\"nofollow\" href=\"http:\/\/albayane.press.ma\/\">ALBAYANE<\/a>.<\/p>\n<\/div>\n<p>Auteur: M&rsquo;hammed rahal<br \/>\n<a href=\"http:\/\/albayane.press.ma\/le-pps-va-poursuivre-sa-lutte-pour-lapprofondissement-de-la-pratique-democratique.html\">Cliquez ici pour lire l&rsquo;article depuis sa source.<\/a><\/p>\n","protected":false},"excerpt":{"rendered":"<p>Dans le communiqu\u00e9 hebdomadaire de son bureau politique Lors de sa r\u00e9union hebdomadaire, tenue mercredi 6 octobre 2021, le bureau politique du Parti du Progr\u00e8s et du Socialisme s\u2019est arr\u00eat\u00e9 sur le d\u00e9roulement et les r\u00e9sultats du scrutin du 5 octobre relatif \u00e0 l\u2019\u00e9lection des membres de la Chambre des Conseillers. Il a enregistr\u00e9, \u00e0 [&hellip;]<\/p>\n","protected":false},"author":1760,"featured_media":0,"comment_status":"closed","ping_status":"closed","sticky":false,"template":"","format":"standard","meta":{"fifu_image_url":"","fifu_image_alt":"","footnotes":""},"categories":[73,54],"tags":[],"class_list":["post-129380","post","type-post","status-publish","format-standard","hentry","category-actualite","category-maroc"],"_links":{"self":[{"href":"https:\/\/linitiative.ca\/International\/wp-json\/wp\/v2\/posts\/129380","targetHints":{"allow":["GET"]}}],"collection":[{"href":"https:\/\/linitiative.ca\/International\/wp-json\/wp\/v2\/posts"}],"about":[{"href":"https:\/\/linitiative.ca\/International\/wp-json\/wp\/v2\/types\/post"}],"author":[{"embeddable":true,"href":"https:\/\/linitiative.ca\/International\/wp-json\/wp\/v2\/users\/1760"}],"replies":[{"embeddable":true,"href":"https:\/\/linitiative.ca\/International\/wp-json\/wp\/v2\/comments?post=129380"}],"version-history":[{"count":0,"href":"https:\/\/linitiative.ca\/International\/wp-json\/wp\/v2\/posts\/129380\/revisions"}],"wp:attachment":[{"href":"https:\/\/linitiative.ca\/International\/wp-json\/wp\/v2\/media?parent=129380"}],"wp:term":[{"taxonomy":"category","embeddable":true,"href":"https:\/\/linitiative.ca\/International\/wp-json\/wp\/v2\/categories?post=129380"},{"taxonomy":"post_tag","embeddable":true,"href":"https:\/\/linitiative.ca\/International\/wp-json\/wp\/v2\/tags?post=129380"}],"curies":[{"name":"wp","href":"https:\/\/api.w.org\/{rel}","templated":true}]}}