{"id":129385,"date":"2021-10-07T14:00:00","date_gmt":"2021-10-07T18:00:00","guid":{"rendered":"https:\/\/linitiative.ca\/International\/inauguration-dune-synagogue-refletant-lidentite-et-le-rituel-typique-du-judaisme-marocain\/"},"modified":"2021-10-07T14:00:00","modified_gmt":"2021-10-07T18:00:00","slug":"inauguration-dune-synagogue-refletant-lidentite-et-le-rituel-typique-du-judaisme-marocain","status":"publish","type":"post","link":"https:\/\/linitiative.ca\/International\/inauguration-dune-synagogue-refletant-lidentite-et-le-rituel-typique-du-judaisme-marocain\/","title":{"rendered":"Inauguration d\u2019une synagogue refl\u00e9tant l\u2019identit\u00e9 et le rituel typique du juda\u00efsme marocain"},"content":{"rendered":"<div>\n<p class=\"has-text-align-center has-vivid-red-color has-text-color\"><strong>Mexico<\/strong><\/p>\n<p class=\"has-black-color has-text-color\"><strong>Une synagogue refl\u00e9tant l\u2019identit\u00e9 et le rituel typique du juda\u00efsme marocain verra le jour prochainement \u00e0 Mexico, \u00e0 la faveur des efforts d\u00e9ploy\u00e9s par la communaut\u00e9 juive marocaine vivant au Mexique avec l\u2019appui de l\u2019ambassade du Royaume dans ce pays.\u00a0 En pr\u00e9vision de cette ouverture, l\u2019ambassadeur de SM le Roi au Mexique, Abdelfattah Lebbar, a re\u00e7u les membres du Comit\u00e9 et de l\u2019Association des juifs d\u2019origine marocaine \u00e9tablis dans le pays d\u2019Am\u00e9rique Latine, a indiqu\u00e9 la repr\u00e9sentation diplomatique du Maroc, dans un communiqu\u00e9.\u00a0 Ce projet, attendu de longue date, permettra \u00e0 la communaut\u00e9 juive de disposer d\u2019un lieu de culte, le premier du genre au Mexique, refl\u00e9tant l\u2019identit\u00e9 et le rituel typique du juda\u00efsme marocain, a ajout\u00e9 la m\u00eame source.<\/strong><\/p>\n<p class=\"has-black-color has-text-color\">Lors de cette r\u00e9union, les participants se sont f\u00e9licit\u00e9s des liens \u00e9troits qui unissent les juifs d\u2019origine marocaine au Royaume, tout en faisant part de leur \u00ab immense joie de voir concr\u00e9tiser ce projet que la communaut\u00e9 juive marocaine attendait depuis plus de 40 ans \u00bb.<\/p>\n<p class=\"has-black-color has-text-color\">A cet \u00e9gard, l\u2019ambassadeur du Royaume a rappel\u00e9 que la communaut\u00e9 de confession juive constitue une composante indivisible de la soci\u00e9t\u00e9 marocaine, et demeure tr\u00e8s pr\u00e9sente dans la culture, la tradition et l\u2019identit\u00e9 marocaine, rappelant par l\u2019occasion que le Maroc est le seul pays arabe et musulman qui reconnait l\u2019affluent h\u00e9bra\u00efque comme composante identitaire dans sa constitution.<\/p>\n<p class=\"has-black-color has-text-color\">Il a \u00e9galement soulign\u00e9 que le Maroc accorde une grande importance \u00e0 la pr\u00e9servation des droits des citoyens marocains de confession juive et de l\u2019h\u00e9ritage juridique et culturel h\u00e9bra\u00efque au Maroc, preuve en ait l\u2019adoption du code juif d\u2019\u00e9tat civil, l\u2019assignation d\u2019une Chambre d\u2019affaires h\u00e9bra\u00efque au tribunal de premi\u00e8re instance de Casablanca, outre le chantier de r\u00e9novation des synagogue et des cimeti\u00e8res juifs au Maroc engag\u00e9, sous les Hautes Instructions de Sa Majest\u00e9 le Roi Mohammed VI, Commandeur des Croyants.<\/p>\n<p class=\"has-black-color has-text-color\">Le Grand Rabin Moshe Chocron Gabizon, natif de T\u00e9touan et r\u00e9cemment arriv\u00e9 du Venezuela pour prendre en charge la nouvelle synagogue, a soulign\u00e9, \u00e0 cette occasion, que l\u2019ensemble des juifs marocains restent visc\u00e9ralement attach\u00e9s \u00e0 leur pays d\u2019origine et expriment leur estime et consid\u00e9ration \u00e0 l\u2019endroit de l\u2019Auguste Personne de SM le Roi Mohammed VI. Il a en outre rappel\u00e9 que l\u2019histoire d\u00e9montre concr\u00e8tement la force de l\u2019engagement personnel des Rois du Maroc envers la communaut\u00e9 juive.<\/p>\n<p class=\"has-black-color has-text-color\">Pour sa part, l\u2019ambassadeur d\u2019Isra\u00ebl au Mexique, Zvi Tal a rappel\u00e9 la particularit\u00e9 des relations qu\u2019entretient le Maroc avec Isra\u00ebl en raison de la forte communaut\u00e9 juive d\u2019origine marocaine qui reste tr\u00e8s attach\u00e9e \u00e0 ses racines et \u00e0 son pays d\u2019origine.<\/p>\n<p class=\"has-black-color has-text-color\">A l\u2019issue de cette r\u00e9union, les participants ont implor\u00e9 le Tout-Puissant de pr\u00e9server SM le Roi Mohammed VI, Amir Al-Mouminine, et d\u2019accorder au Souverain, et \u00e0 l\u2019ensemble de l\u2019illustre Famille Royale, sant\u00e9, bonheur et longue vie.<br \/>Des pri\u00e8res ont \u00e9galement \u00e9t\u00e9 dites pour le repos des \u00e2mes des regrett\u00e9s Souverains, Feu SM Mohammed V et Feu SM Hassan II. Ont \u00e9galement pris part \u00e0 cette r\u00e9union, le vice-pr\u00e9sident du Comit\u00e9 Tefil\u00e1 marocain de Mexico, Fortunato Benarroch, le pr\u00e9sident du Comit\u00e9 central de la communaut\u00e9 juive au Mexique, Marcos Chabot, ainsi que le pr\u00e9sident de l\u2019Association des juifs marocains, Moises Amselem Elbaz.<\/p>\n<p>L\u2019article <a rel=\"nofollow\" href=\"http:\/\/albayane.press.ma\/inauguration-dune-synagogue-refletant-lidentite-et-le-rituel-typique-du-judaisme-marocain.html\">Inauguration d\u2019une synagogue refl\u00e9tant l\u2019identit\u00e9 et le rituel typique du juda\u00efsme marocain<\/a> est apparu en premier sur <a rel=\"nofollow\" href=\"http:\/\/albayane.press.ma\/\">ALBAYANE<\/a>.<\/p>\n<\/div>\n<p>Auteur: M&rsquo;hammed rahal<br \/>\n<a href=\"http:\/\/albayane.press.ma\/inauguration-dune-synagogue-refletant-lidentite-et-le-rituel-typique-du-judaisme-marocain.html\">Cliquez ici pour lire l&rsquo;article depuis sa source.<\/a><\/p>\n","protected":false},"excerpt":{"rendered":"<p>Mexico Une synagogue refl\u00e9tant l\u2019identit\u00e9 et le rituel typique du juda\u00efsme marocain verra le jour prochainement \u00e0 Mexico, \u00e0 la faveur des efforts d\u00e9ploy\u00e9s par la communaut\u00e9 juive marocaine vivant au Mexique avec l\u2019appui de l\u2019ambassade du Royaume dans ce pays.\u00a0 En pr\u00e9vision de cette ouverture, l\u2019ambassadeur de SM le Roi au Mexique, Abdelfattah Lebbar, [&hellip;]<\/p>\n","protected":false},"author":1760,"featured_media":0,"comment_status":"closed","ping_status":"closed","sticky":false,"template":"","format":"standard","meta":{"fifu_image_url":"","fifu_image_alt":"","footnotes":""},"categories":[73,54],"tags":[],"class_list":["post-129385","post","type-post","status-publish","format-standard","hentry","category-actualite","category-maroc"],"_links":{"self":[{"href":"https:\/\/linitiative.ca\/International\/wp-json\/wp\/v2\/posts\/129385","targetHints":{"allow":["GET"]}}],"collection":[{"href":"https:\/\/linitiative.ca\/International\/wp-json\/wp\/v2\/posts"}],"about":[{"href":"https:\/\/linitiative.ca\/International\/wp-json\/wp\/v2\/types\/post"}],"author":[{"embeddable":true,"href":"https:\/\/linitiative.ca\/International\/wp-json\/wp\/v2\/users\/1760"}],"replies":[{"embeddable":true,"href":"https:\/\/linitiative.ca\/International\/wp-json\/wp\/v2\/comments?post=129385"}],"version-history":[{"count":0,"href":"https:\/\/linitiative.ca\/International\/wp-json\/wp\/v2\/posts\/129385\/revisions"}],"wp:attachment":[{"href":"https:\/\/linitiative.ca\/International\/wp-json\/wp\/v2\/media?parent=129385"}],"wp:term":[{"taxonomy":"category","embeddable":true,"href":"https:\/\/linitiative.ca\/International\/wp-json\/wp\/v2\/categories?post=129385"},{"taxonomy":"post_tag","embeddable":true,"href":"https:\/\/linitiative.ca\/International\/wp-json\/wp\/v2\/tags?post=129385"}],"curies":[{"name":"wp","href":"https:\/\/api.w.org\/{rel}","templated":true}]}}