{"id":129390,"date":"2021-10-08T06:25:56","date_gmt":"2021-10-08T10:25:56","guid":{"rendered":"https:\/\/linitiative.ca\/International\/previsions-meteorologiques-pour-le-samedi-09-octobre-2021\/"},"modified":"2021-10-08T06:25:56","modified_gmt":"2021-10-08T10:25:56","slug":"previsions-meteorologiques-pour-le-samedi-09-octobre-2021","status":"publish","type":"post","link":"https:\/\/linitiative.ca\/International\/previsions-meteorologiques-pour-le-samedi-09-octobre-2021\/","title":{"rendered":"Pr\u00e9visions m\u00e9t\u00e9orologiques pour le samedi 09 octobre 2021"},"content":{"rendered":"<div>\n<div style=\"margin-bottom:20px;\"><img loading=\"lazy\" decoding=\"async\" width=\"750\" height=\"430\" src=\"https:\/\/linitiative.ca\/International\/wp-content\/uploads\/sites\/23\/2021\/10\/soleil-2-1.jpg\" class=\"attachment-post-thumbnail size-post-thumbnail wp-post-image\" alt=\"\" srcset=\"https:\/\/linitiative.ca\/International\/wp-content\/uploads\/sites\/23\/2021\/10\/soleil-2-1.jpg 750w, http:\/\/www.mapmarrakech.ma\/map\/uploads\/2021\/10\/soleil-2-1-300x172.jpg 300w\" sizes=\"auto, (max-width: 750px) 100vw, 750px\"><\/div>\n<p>\u2013 Formations brumeuses et nuages bas sur les c\u00f4tes Nord et Centre et sur la M\u00e9diterran\u00e9e.<\/p>\n<p>\u2013 Circulation des nuages \u00e9lev\u00e9s sur le Sud et le Centre.<\/p>\n<p>\u2013 Temps stable et ciel peu nuageux \u00e0 clair ailleurs.<\/p>\n<p>\u2013 Vent mod\u00e9r\u00e9 de secteur nord sur le Sud, faible de secteur est sur le Sud-Est et de secteur nord \u00e0 variable ailleurs.<\/p>\n<p>\u2013 Temp\u00e9ratures minimales de l\u2019ordre de 06\/14\u00b0C sur les reliefs, 20\/27\u00b0C sur le Sud des provinces sahariennes et l\u2019extr\u00eame Sud-Est et de 12\/19\u00b0C ailleurs.<\/p>\n<p>\u2013 Temp\u00e9ratures maximales de l\u2019ordre de 36\/41\u00b0C sur l\u2019extr\u00eame Sud du pays, de 30\/36\u00b0C sur le Sud-Est, de 28\/33\u00b0C sur l\u2019int\u00e9rieur du Souss, les plaines int\u00e9rieures Nord et Centre et les plateaux de phosphates et Oulm\u00e8s et de 22\/28\u00b0C en g\u00e9n\u00e9ral ailleurs.<\/p>\n<p>\u2013 Mer belle \u00e0 peu agit\u00e9e sur la M\u00e9diterran\u00e9, peu agit\u00e9e \u00e0 agit\u00e9e sur le D\u00e9troit et entre Tan Tan et Boujdour et agit\u00e9e ailleurs.<\/p>\n<p>The post <a rel=\"nofollow\" href=\"http:\/\/www.mapmarrakech.ma\/fr\/previsions-meteorologiques-pour-le-samedi-09-octobre-2021\/\">Pr\u00e9visions m\u00e9t\u00e9orologiques pour le samedi 09 octobre 2021<\/a> appeared first on <a rel=\"nofollow\" href=\"http:\/\/www.mapmarrakech.ma\/fr\">MapMarrakech<\/a>.<\/p>\n<\/div>\n<p>Auteur: Meriem IGASS<br \/>\n<a href=\"http:\/\/www.mapmarrakech.ma\/fr\/previsions-meteorologiques-pour-le-samedi-09-octobre-2021\/\">Cliquez ici pour lire l&rsquo;article depuis sa source.<\/a><\/p>\n","protected":false},"excerpt":{"rendered":"<p>\u2013 Formations brumeuses et nuages bas sur les c\u00f4tes Nord et Centre et sur la M\u00e9diterran\u00e9e. \u2013 Circulation des nuages \u00e9lev\u00e9s sur le Sud et le Centre. \u2013 Temps stable et ciel peu nuageux \u00e0 clair ailleurs. \u2013 Vent mod\u00e9r\u00e9 de secteur nord sur le Sud, faible de secteur est sur le Sud-Est et de [&hellip;]<\/p>\n","protected":false},"author":1788,"featured_media":0,"comment_status":"closed","ping_status":"closed","sticky":false,"template":"","format":"standard","meta":{"fifu_image_url":"http:\/\/www.mapmarrakech.ma\/map\/uploads\/2021\/10\/soleil-2-1.jpg","fifu_image_alt":"Pr\u00e9visions m\u00e9t\u00e9orologiques pour le samedi 09 octobre 2021","footnotes":""},"categories":[54,76],"tags":[],"class_list":["post-129390","post","type-post","status-publish","format-standard","hentry","category-maroc","category-regions"],"_links":{"self":[{"href":"https:\/\/linitiative.ca\/International\/wp-json\/wp\/v2\/posts\/129390","targetHints":{"allow":["GET"]}}],"collection":[{"href":"https:\/\/linitiative.ca\/International\/wp-json\/wp\/v2\/posts"}],"about":[{"href":"https:\/\/linitiative.ca\/International\/wp-json\/wp\/v2\/types\/post"}],"author":[{"embeddable":true,"href":"https:\/\/linitiative.ca\/International\/wp-json\/wp\/v2\/users\/1788"}],"replies":[{"embeddable":true,"href":"https:\/\/linitiative.ca\/International\/wp-json\/wp\/v2\/comments?post=129390"}],"version-history":[{"count":0,"href":"https:\/\/linitiative.ca\/International\/wp-json\/wp\/v2\/posts\/129390\/revisions"}],"wp:attachment":[{"href":"https:\/\/linitiative.ca\/International\/wp-json\/wp\/v2\/media?parent=129390"}],"wp:term":[{"taxonomy":"category","embeddable":true,"href":"https:\/\/linitiative.ca\/International\/wp-json\/wp\/v2\/categories?post=129390"},{"taxonomy":"post_tag","embeddable":true,"href":"https:\/\/linitiative.ca\/International\/wp-json\/wp\/v2\/tags?post=129390"}],"curies":[{"name":"wp","href":"https:\/\/api.w.org\/{rel}","templated":true}]}}