{"id":129392,"date":"2021-10-08T07:07:47","date_gmt":"2021-10-08T11:07:47","guid":{"rendered":"https:\/\/linitiative.ca\/International\/essaouira-a-lheure-dune-edition-des-nuits-photographiques\/"},"modified":"2021-10-08T07:07:47","modified_gmt":"2021-10-08T11:07:47","slug":"essaouira-a-lheure-dune-edition-des-nuits-photographiques","status":"publish","type":"post","link":"https:\/\/linitiative.ca\/International\/essaouira-a-lheure-dune-edition-des-nuits-photographiques\/","title":{"rendered":"Essaouira \u00e0 l\u2019heure d\u2019une \u00e9dition des \u00ab\u00a0Nuits photographiques\u00a0\u00bb"},"content":{"rendered":"<div>\n<div style=\"margin-bottom:20px;\"><img loading=\"lazy\" decoding=\"async\" width=\"750\" height=\"430\" src=\"https:\/\/linitiative.ca\/International\/wp-content\/uploads\/sites\/23\/2021\/10\/Essaouira-tourisme-copier-2.jpg\" class=\"attachment-post-thumbnail size-post-thumbnail wp-post-image\" alt=\"\" srcset=\"https:\/\/linitiative.ca\/International\/wp-content\/uploads\/sites\/23\/2021\/10\/Essaouira-tourisme-copier-2.jpg 750w, http:\/\/www.mapmarrakech.ma\/map\/uploads\/2021\/10\/Essaouira-tourisme-copier-2-300x172.jpg 300w\" sizes=\"auto, (max-width: 750px) 100vw, 750px\"><\/div>\n<p>Cr\u00e9\u00e9e \u00e0 l\u2019initiative du photographe St\u00e9phane Kosmann, cette manifestation artistique, organis\u00e9e en partenariat avec l\u2019Institut Fran\u00e7ais d\u2019Essaouira, se veut un v\u00e9ritable espace de rencontres, de dialogue et de d\u00e9bats pour les acteurs du monde de la photographie.<\/p>\n<p>Apr\u00e8s une ann\u00e9e 2020 sans festival en raison de la propagation de la Covid-19, cette \u00e9dition sp\u00e9ciale a pour but principalement de parler photographie et d\u2019ouvrir la discussion avec les photographes qui peuvent pr\u00e9senter leurs \u0153uvres en vue de participer \u00e0 un festival, soulignent les organisateurs.<\/p>\n<p>Cette rencontre de retrouvailles ambitionne de jeter les jalons d\u2019une prochaine \u00e9dition plus importante en octobre 2022, d\u2019engager le d\u00e9bat autour de la photographie et d\u2019\u00e9changer les exp\u00e9riences entre les acteurs de cette discipline artistique, a indiqu\u00e9 M. Kosmann lors d\u2019une conf\u00e9rence-d\u00e9bat organis\u00e9e \u00e0 cette occasion.<\/p>\n<p>Il a \u00e9galement soulign\u00e9 que \u00ab\u00a0Les Nuits photographiques d\u2019Essaouira\u00a0\u00bb servent aussi de tremplin pour les jeunes photographes dans la construction de leurs carri\u00e8res professionnelle et artistique.<\/p>\n<p>De son c\u00f4t\u00e9, Mme Fatima Mazmouz, photographe et historienne artistique, a mis l\u2019accent sur l\u2019importance de l\u2019engagement et de l\u2019implication du photographe dans son travail pour entamer une meilleure carri\u00e8re, insistant sur l\u2019imp\u00e9ratif d\u2019exploiter les diff\u00e9rents moyens de communication mis \u00e0 disposition pour r\u00e9ussir son parcours.<\/p>\n<p>\u00ab\u00a0Un artiste qu\u2019on ne voit pas n\u2019existe pas\u00a0\u00bb, a-t-elle expliqu\u00e9, mettant en relief l\u2019importance de la mise en place de r\u00e9seaux de photographes et de l\u2019organisation des professionnels \u00e0 l\u2019\u00e9chelle locale.<\/p>\n<p>Cette rencontre a \u00e9t\u00e9 ponctu\u00e9e par des t\u00e9moignages de jeunes et professionnels photographes qui ont tenu \u00e0 partager leurs exp\u00e9riences respectives dans ce domaine, outre la projection d\u2019une s\u00e9rie de dossiers de photos.<\/p>\n<p>Au menu de cette \u00e9dition, figurent \u00e9galement des lectures de portfolios et une s\u00e9ance photo avec St\u00e9phane Kossmann et l\u2019ensemble de l\u2019\u00e9quipe organisatrice de cet \u00e9v\u00e9nement.<\/p>\n<p>The post <a rel=\"nofollow\" href=\"http:\/\/www.mapmarrakech.ma\/fr\/essaouira-a-lheure-dune-edition-speciale-des-nuits-photographiques\/\">Essaouira \u00e0 l\u2019heure d\u2019une \u00e9dition des \u00ab\u00a0Nuits photographiques\u00a0\u00bb<\/a> appeared first on <a rel=\"nofollow\" href=\"http:\/\/www.mapmarrakech.ma\/fr\">MapMarrakech<\/a>.<\/p>\n<\/div>\n<p>Auteur: Meriem IGASS<br \/>\n<a href=\"http:\/\/www.mapmarrakech.ma\/fr\/essaouira-a-lheure-dune-edition-speciale-des-nuits-photographiques\/\">Cliquez ici pour lire l&rsquo;article depuis sa source.<\/a><\/p>\n","protected":false},"excerpt":{"rendered":"<p>Cr\u00e9\u00e9e \u00e0 l\u2019initiative du photographe St\u00e9phane Kosmann, cette manifestation artistique, organis\u00e9e en partenariat avec l\u2019Institut Fran\u00e7ais d\u2019Essaouira, se veut un v\u00e9ritable espace de rencontres, de dialogue et de d\u00e9bats pour les acteurs du monde de la photographie. Apr\u00e8s une ann\u00e9e 2020 sans festival en raison de la propagation de la Covid-19, cette \u00e9dition sp\u00e9ciale a [&hellip;]<\/p>\n","protected":false},"author":1788,"featured_media":0,"comment_status":"closed","ping_status":"closed","sticky":false,"template":"","format":"standard","meta":{"fifu_image_url":"http:\/\/www.mapmarrakech.ma\/map\/uploads\/2021\/10\/Essaouira-tourisme-copier-2.jpg","fifu_image_alt":"Essaouira \u00e0 l\u2019heure d\u2019une \u00e9dition des \u00ab\u00a0Nuits photographiques\u00a0\u00bb","footnotes":""},"categories":[54,76],"tags":[],"class_list":["post-129392","post","type-post","status-publish","format-standard","hentry","category-maroc","category-regions"],"_links":{"self":[{"href":"https:\/\/linitiative.ca\/International\/wp-json\/wp\/v2\/posts\/129392","targetHints":{"allow":["GET"]}}],"collection":[{"href":"https:\/\/linitiative.ca\/International\/wp-json\/wp\/v2\/posts"}],"about":[{"href":"https:\/\/linitiative.ca\/International\/wp-json\/wp\/v2\/types\/post"}],"author":[{"embeddable":true,"href":"https:\/\/linitiative.ca\/International\/wp-json\/wp\/v2\/users\/1788"}],"replies":[{"embeddable":true,"href":"https:\/\/linitiative.ca\/International\/wp-json\/wp\/v2\/comments?post=129392"}],"version-history":[{"count":0,"href":"https:\/\/linitiative.ca\/International\/wp-json\/wp\/v2\/posts\/129392\/revisions"}],"wp:attachment":[{"href":"https:\/\/linitiative.ca\/International\/wp-json\/wp\/v2\/media?parent=129392"}],"wp:term":[{"taxonomy":"category","embeddable":true,"href":"https:\/\/linitiative.ca\/International\/wp-json\/wp\/v2\/categories?post=129392"},{"taxonomy":"post_tag","embeddable":true,"href":"https:\/\/linitiative.ca\/International\/wp-json\/wp\/v2\/tags?post=129392"}],"curies":[{"name":"wp","href":"https:\/\/api.w.org\/{rel}","templated":true}]}}