{"id":129394,"date":"2021-10-08T11:30:30","date_gmt":"2021-10-08T15:30:30","guid":{"rendered":"https:\/\/linitiative.ca\/International\/la-coalition-gouvernementale-inspiree-de-la-constitution\/"},"modified":"2021-10-08T11:30:30","modified_gmt":"2021-10-08T15:30:30","slug":"la-coalition-gouvernementale-inspiree-de-la-constitution","status":"publish","type":"post","link":"https:\/\/linitiative.ca\/International\/la-coalition-gouvernementale-inspiree-de-la-constitution\/","title":{"rendered":"La coalition gouvernementale, inspir\u00e9e de la Constitution"},"content":{"rendered":"<div>\n<div style=\"margin-bottom:20px;\"><img loading=\"lazy\" decoding=\"async\" width=\"750\" height=\"430\" src=\"https:\/\/linitiative.ca\/International\/wp-content\/uploads\/sites\/23\/2021\/10\/Mohamed-El-Ghali-copier.jpg\" class=\"attachment-post-thumbnail size-post-thumbnail wp-post-image\" alt=\"\" srcset=\"https:\/\/linitiative.ca\/International\/wp-content\/uploads\/sites\/23\/2021\/10\/Mohamed-El-Ghali-copier.jpg 750w, http:\/\/www.mapmarrakech.ma\/map\/uploads\/2021\/10\/Mohamed-El-Ghali-copier-300x172.jpg 300w\" sizes=\"auto, (max-width: 750px) 100vw, 750px\"><\/div>\n<p>\u00ab\u00a0Ces r\u00e9f\u00e9rences ont permis la s\u00e9lection des profils ad\u00e9quats qui incarnent plusieurs facteurs de force, tels qu\u2019exprim\u00e9s \u00e0 travers la forte pr\u00e9sence f\u00e9minine et des jeunes\u00a0\u00bb, a relev\u00e9 M. El Ghali, \u00e9galement pr\u00e9sident du Centre Universitaire d\u2019El Kela\u00e2 des Sraghna.<\/p>\n<p>Dans une d\u00e9claration \u00e0 M24, la cha\u00eene t\u00e9l\u00e9vis\u00e9e de l\u2019information en continu de la MAP, cet universitaire a relev\u00e9 que 70% des profils concern\u00e9s sont des nouveaux ministres qui n\u2019ont jamais occup\u00e9 de postes minist\u00e9riels, soulignant dans ce cadre, que la pr\u00e9sence de nouveaux visages s\u2019explique par leur brillant parcours professionnel dans tous les postes administratifs qu\u2019ils ont occup\u00e9s et les \u00e9tablissements o\u00f9 ils sont pass\u00e9s.<\/p>\n<p>Et de conclure que la nomination de ces comp\u00e9tences dans le nouveau gouvernement se justifie par la volont\u00e9 de pr\u00e9valoir la logique de l\u2019efficacit\u00e9, l\u2019efficience et la recherche de profils en mesure de mettre en \u0153uvre les recommandations et les conclusions du Rapport g\u00e9n\u00e9ral sur le Nouveau Mod\u00e8le de D\u00e9veloppement, estimant que cette feuille de route constitue le fondement et la r\u00e9f\u00e9rence du programme gouvernemental et de l\u2019action l\u00e9gislative \u00e0 l\u2019avenir.<\/p>\n<p>Sa Majest\u00e9 le Roi Mohammed VI, accompagn\u00e9 de SAR le Prince H\u00e9ritier Moulay El Hassan et de SAR le Prince Moulay Rachid, a pr\u00e9sid\u00e9, jeudi, au Palais Royal \u00e0 F\u00e8s, la c\u00e9r\u00e9monie de nomination des membres du nouveau gouvernement.<\/p>\n<p>The post <a rel=\"nofollow\" href=\"http:\/\/www.mapmarrakech.ma\/fr\/la-coalition-gouvernementale-formee-sur-une-base-inspiree-de-la-constitution\/\">La coalition gouvernementale, inspir\u00e9e de la Constitution<\/a> appeared first on <a rel=\"nofollow\" href=\"http:\/\/www.mapmarrakech.ma\/fr\">MapMarrakech<\/a>.<\/p>\n<\/div>\n<p>Auteur: Meriem IGASS<br \/>\n<a href=\"http:\/\/www.mapmarrakech.ma\/fr\/la-coalition-gouvernementale-formee-sur-une-base-inspiree-de-la-constitution\/\">Cliquez ici pour lire l&rsquo;article depuis sa source.<\/a><\/p>\n","protected":false},"excerpt":{"rendered":"<p>\u00ab\u00a0Ces r\u00e9f\u00e9rences ont permis la s\u00e9lection des profils ad\u00e9quats qui incarnent plusieurs facteurs de force, tels qu\u2019exprim\u00e9s \u00e0 travers la forte pr\u00e9sence f\u00e9minine et des jeunes\u00a0\u00bb, a relev\u00e9 M. El Ghali, \u00e9galement pr\u00e9sident du Centre Universitaire d\u2019El Kela\u00e2 des Sraghna. Dans une d\u00e9claration \u00e0 M24, la cha\u00eene t\u00e9l\u00e9vis\u00e9e de l\u2019information en continu de la MAP, [&hellip;]<\/p>\n","protected":false},"author":1788,"featured_media":0,"comment_status":"closed","ping_status":"closed","sticky":false,"template":"","format":"standard","meta":{"fifu_image_url":"http:\/\/www.mapmarrakech.ma\/map\/uploads\/2021\/10\/Mohamed-El-Ghali-copier.jpg","fifu_image_alt":"La coalition gouvernementale, inspir\u00e9e de la Constitution","footnotes":""},"categories":[54,76],"tags":[],"class_list":["post-129394","post","type-post","status-publish","format-standard","hentry","category-maroc","category-regions"],"_links":{"self":[{"href":"https:\/\/linitiative.ca\/International\/wp-json\/wp\/v2\/posts\/129394","targetHints":{"allow":["GET"]}}],"collection":[{"href":"https:\/\/linitiative.ca\/International\/wp-json\/wp\/v2\/posts"}],"about":[{"href":"https:\/\/linitiative.ca\/International\/wp-json\/wp\/v2\/types\/post"}],"author":[{"embeddable":true,"href":"https:\/\/linitiative.ca\/International\/wp-json\/wp\/v2\/users\/1788"}],"replies":[{"embeddable":true,"href":"https:\/\/linitiative.ca\/International\/wp-json\/wp\/v2\/comments?post=129394"}],"version-history":[{"count":0,"href":"https:\/\/linitiative.ca\/International\/wp-json\/wp\/v2\/posts\/129394\/revisions"}],"wp:attachment":[{"href":"https:\/\/linitiative.ca\/International\/wp-json\/wp\/v2\/media?parent=129394"}],"wp:term":[{"taxonomy":"category","embeddable":true,"href":"https:\/\/linitiative.ca\/International\/wp-json\/wp\/v2\/categories?post=129394"},{"taxonomy":"post_tag","embeddable":true,"href":"https:\/\/linitiative.ca\/International\/wp-json\/wp\/v2\/tags?post=129394"}],"curies":[{"name":"wp","href":"https:\/\/api.w.org\/{rel}","templated":true}]}}