{"id":129400,"date":"2021-10-08T11:10:04","date_gmt":"2021-10-08T15:10:04","guid":{"rendered":"https:\/\/linitiative.ca\/International\/paris-souhaite-approfondir-le-partenariat-dexception-avec-le-maroc\/"},"modified":"2021-10-08T11:10:04","modified_gmt":"2021-10-08T15:10:04","slug":"paris-souhaite-approfondir-le-partenariat-dexception-avec-le-maroc","status":"publish","type":"post","link":"https:\/\/linitiative.ca\/International\/paris-souhaite-approfondir-le-partenariat-dexception-avec-le-maroc\/","title":{"rendered":"Paris souhaite \u00ab\u00a0approfondir le partenariat d&rsquo;exception\u00a0\u00bb avec le Maroc"},"content":{"rendered":"<div>\n<div class=\"field field-name-body field-type-text-with-summary field-label-hidden\">\n<div class=\"field-items\">\n<div class=\"field-item even\" property=\"content:encoded\">\n<p>La France a fait part, vendredi, de son \u00ab\u00a0attachement \u00e0 poursuivre l&rsquo;approfondissement du partenariat d&rsquo;exception avec le Maroc dans tous les domaines\u00a0\u00bb, \u00e0 l\u2019occasion de la nomination par le Roi Mohammed VI du nouveau gouvernement.<\/p>\n<p>\u00ab\u00a0La France salue la formation d&rsquo;un nouveau gouvernement (&#8230;) \u00e0 la suite des \u00e9lections du 8 septembre qui se sont d\u00e9roul\u00e9es dans de bonnes conditions malgr\u00e9 le contexte sanitaire difficile\u00a0\u00bb, a affirm\u00e9 la porte-parole du Quai d\u2019Orsay lors de son point de presse quotidien.<\/p>\n<\/div>\n<\/div>\n<\/div>\n<\/div>\n<p>Auteur: mbasraoui<br \/>\n<a href=\"https:\/\/www.leconomiste.com\/flash-infos\/paris-souhaite-approfondir-le-partenariat-d-exception-avec-le-maroc\">Cliquez ici pour lire l&rsquo;article depuis sa source.<\/a><\/p>\n","protected":false},"excerpt":{"rendered":"<p>La France a fait part, vendredi, de son \u00ab\u00a0attachement \u00e0 poursuivre l&rsquo;approfondissement du partenariat d&rsquo;exception avec le Maroc dans tous les domaines\u00a0\u00bb, \u00e0 l\u2019occasion de la nomination par le Roi Mohammed VI du nouveau gouvernement. \u00ab\u00a0La France salue la formation d&rsquo;un nouveau gouvernement (&#8230;) \u00e0 la suite des \u00e9lections du 8 septembre qui se sont [&hellip;]<\/p>\n","protected":false},"author":1763,"featured_media":0,"comment_status":"closed","ping_status":"closed","sticky":false,"template":"","format":"standard","meta":{"fifu_image_url":"","fifu_image_alt":"","footnotes":""},"categories":[78,54],"tags":[],"class_list":["post-129400","post","type-post","status-publish","format-standard","hentry","category-economie","category-maroc"],"_links":{"self":[{"href":"https:\/\/linitiative.ca\/International\/wp-json\/wp\/v2\/posts\/129400","targetHints":{"allow":["GET"]}}],"collection":[{"href":"https:\/\/linitiative.ca\/International\/wp-json\/wp\/v2\/posts"}],"about":[{"href":"https:\/\/linitiative.ca\/International\/wp-json\/wp\/v2\/types\/post"}],"author":[{"embeddable":true,"href":"https:\/\/linitiative.ca\/International\/wp-json\/wp\/v2\/users\/1763"}],"replies":[{"embeddable":true,"href":"https:\/\/linitiative.ca\/International\/wp-json\/wp\/v2\/comments?post=129400"}],"version-history":[{"count":0,"href":"https:\/\/linitiative.ca\/International\/wp-json\/wp\/v2\/posts\/129400\/revisions"}],"wp:attachment":[{"href":"https:\/\/linitiative.ca\/International\/wp-json\/wp\/v2\/media?parent=129400"}],"wp:term":[{"taxonomy":"category","embeddable":true,"href":"https:\/\/linitiative.ca\/International\/wp-json\/wp\/v2\/categories?post=129400"},{"taxonomy":"post_tag","embeddable":true,"href":"https:\/\/linitiative.ca\/International\/wp-json\/wp\/v2\/tags?post=129400"}],"curies":[{"name":"wp","href":"https:\/\/api.w.org\/{rel}","templated":true}]}}