{"id":129401,"date":"2021-10-08T11:26:50","date_gmt":"2021-10-08T15:26:50","guid":{"rendered":"https:\/\/linitiative.ca\/International\/ouverture-de-lannee-legislative-texte-integral-du-discours-royal\/"},"modified":"2021-10-08T11:26:50","modified_gmt":"2021-10-08T15:26:50","slug":"ouverture-de-lannee-legislative-texte-integral-du-discours-royal","status":"publish","type":"post","link":"https:\/\/linitiative.ca\/International\/ouverture-de-lannee-legislative-texte-integral-du-discours-royal\/","title":{"rendered":"Ouverture de l&rsquo;ann\u00e9e l\u00e9gislative: Texte Int\u00e9gral du discours royal"},"content":{"rendered":"<div>\n<div class=\"field field-name-body field-type-text-with-summary field-label-hidden\">\n<div class=\"field-items\">\n<div class=\"field-item even\" property=\"content:encoded\">\n<p><strong>Sa Majest\u00e9 le Roi Mohammed VI\u00a0accompagn\u00e9 de SAR le Prince H\u00e9ritier Moulay El Hassan et de SAR le Prince Moulay Rachid, a adress\u00e9, vendredi, un discours au Parlement \u00e0 l\u2019occasion de l\u2019ouverture de la 1\u00e8re session de la 1\u00e8re ann\u00e9e l\u00e9gislative de la 11\u00e8me l\u00e9gislature. Voici le texte int\u00e9gral du Discours Royal, diffus\u00e9 \u00e0 l\u2019int\u00e9rieur de l\u2019enceinte du Parlement :.<\/strong><\/p>\n<p>\u00ab\u00a0Louange \u00e0 Dieu, Pri\u00e8re et salut sur le Proph\u00e8te, Sa famille et Ses compagnons,<\/p>\n<p>Mesdames et Messieurs les honorables parlementaires,<\/p>\n<\/div>\n<\/div>\n<\/div>\n<\/div>\n<p>Auteur: mbasraoui<br \/>\n<a href=\"https:\/\/www.leconomiste.com\/flash-infos\/ouverture-de-l-annee-legislative-texte-integral-du-discours-royal-0\">Cliquez ici pour lire l&rsquo;article depuis sa source.<\/a><\/p>\n","protected":false},"excerpt":{"rendered":"<p>Sa Majest\u00e9 le Roi Mohammed VI\u00a0accompagn\u00e9 de SAR le Prince H\u00e9ritier Moulay El Hassan et de SAR le Prince Moulay Rachid, a adress\u00e9, vendredi, un discours au Parlement \u00e0 l\u2019occasion de l\u2019ouverture de la 1\u00e8re session de la 1\u00e8re ann\u00e9e l\u00e9gislative de la 11\u00e8me l\u00e9gislature. Voici le texte int\u00e9gral du Discours Royal, diffus\u00e9 \u00e0 l\u2019int\u00e9rieur [&hellip;]<\/p>\n","protected":false},"author":1763,"featured_media":0,"comment_status":"closed","ping_status":"closed","sticky":false,"template":"","format":"standard","meta":{"fifu_image_url":"","fifu_image_alt":"","footnotes":""},"categories":[78,54],"tags":[],"class_list":["post-129401","post","type-post","status-publish","format-standard","hentry","category-economie","category-maroc"],"_links":{"self":[{"href":"https:\/\/linitiative.ca\/International\/wp-json\/wp\/v2\/posts\/129401","targetHints":{"allow":["GET"]}}],"collection":[{"href":"https:\/\/linitiative.ca\/International\/wp-json\/wp\/v2\/posts"}],"about":[{"href":"https:\/\/linitiative.ca\/International\/wp-json\/wp\/v2\/types\/post"}],"author":[{"embeddable":true,"href":"https:\/\/linitiative.ca\/International\/wp-json\/wp\/v2\/users\/1763"}],"replies":[{"embeddable":true,"href":"https:\/\/linitiative.ca\/International\/wp-json\/wp\/v2\/comments?post=129401"}],"version-history":[{"count":0,"href":"https:\/\/linitiative.ca\/International\/wp-json\/wp\/v2\/posts\/129401\/revisions"}],"wp:attachment":[{"href":"https:\/\/linitiative.ca\/International\/wp-json\/wp\/v2\/media?parent=129401"}],"wp:term":[{"taxonomy":"category","embeddable":true,"href":"https:\/\/linitiative.ca\/International\/wp-json\/wp\/v2\/categories?post=129401"},{"taxonomy":"post_tag","embeddable":true,"href":"https:\/\/linitiative.ca\/International\/wp-json\/wp\/v2\/tags?post=129401"}],"curies":[{"name":"wp","href":"https:\/\/api.w.org\/{rel}","templated":true}]}}