{"id":129403,"date":"2021-10-08T12:14:34","date_gmt":"2021-10-08T16:14:34","guid":{"rendered":"https:\/\/linitiative.ca\/International\/ouverture-de-lannee-legislative-decryptage-du-discours-royal\/"},"modified":"2021-10-08T12:14:34","modified_gmt":"2021-10-08T16:14:34","slug":"ouverture-de-lannee-legislative-decryptage-du-discours-royal","status":"publish","type":"post","link":"https:\/\/linitiative.ca\/International\/ouverture-de-lannee-legislative-decryptage-du-discours-royal\/","title":{"rendered":"Ouverture de l&rsquo;ann\u00e9e l\u00e9gislative: D\u00e9cryptage du discours royal"},"content":{"rendered":"<div>\n<div class=\"field field-name-body field-type-text-with-summary field-label-hidden\">\n<div class=\"field-items\">\n<div class=\"field-item even\" property=\"content:encoded\">\n<p>Le Roi Mohammed VI accompagn\u00e9 du\u00a0Prince H\u00e9ritier Moulay El Hassan et de dun Prince Moulay Rachid, a adress\u00e9, vendredi, <strong><a href=\"https:\/\/www.leconomiste.com\/flash-infos\/ouverture-de-l-annee-legislative-texte-integral-du-discours-royal-0\"><span style=\"color:#0000FF;\">un discours au Parlement<\/span><\/a><\/strong> \u00e0 l\u2019occasion de l\u2019ouverture de la 1\u00e8re session de la 1\u00e8re ann\u00e9e l\u00e9gislative de la 11\u00e8me l\u00e9gislature.<\/p>\n<p><strong><em>L&rsquo;Economiste vous d\u00e9taille le discours royal diffus\u00e9 \u00e0 l\u2019int\u00e9rieur de l\u2019enceinte du Parlement<\/em><\/strong><\/p>\n<\/div>\n<\/div>\n<\/div>\n<\/div>\n<p>Auteur: mbasraoui<br \/>\n<a href=\"https:\/\/www.leconomiste.com\/flash-infos\/ouverture-de-l-annee-legislative-decryptage-du-discours-royal-0\">Cliquez ici pour lire l&rsquo;article depuis sa source.<\/a><\/p>\n","protected":false},"excerpt":{"rendered":"<p>Le Roi Mohammed VI accompagn\u00e9 du\u00a0Prince H\u00e9ritier Moulay El Hassan et de dun Prince Moulay Rachid, a adress\u00e9, vendredi, un discours au Parlement \u00e0 l\u2019occasion de l\u2019ouverture de la 1\u00e8re session de la 1\u00e8re ann\u00e9e l\u00e9gislative de la 11\u00e8me l\u00e9gislature. L&rsquo;Economiste vous d\u00e9taille le discours royal diffus\u00e9 \u00e0 l\u2019int\u00e9rieur de l\u2019enceinte du Parlement Auteur: mbasraoui [&hellip;]<\/p>\n","protected":false},"author":1763,"featured_media":0,"comment_status":"closed","ping_status":"closed","sticky":false,"template":"","format":"standard","meta":{"fifu_image_url":"","fifu_image_alt":"","footnotes":""},"categories":[78,54],"tags":[],"class_list":["post-129403","post","type-post","status-publish","format-standard","hentry","category-economie","category-maroc"],"_links":{"self":[{"href":"https:\/\/linitiative.ca\/International\/wp-json\/wp\/v2\/posts\/129403","targetHints":{"allow":["GET"]}}],"collection":[{"href":"https:\/\/linitiative.ca\/International\/wp-json\/wp\/v2\/posts"}],"about":[{"href":"https:\/\/linitiative.ca\/International\/wp-json\/wp\/v2\/types\/post"}],"author":[{"embeddable":true,"href":"https:\/\/linitiative.ca\/International\/wp-json\/wp\/v2\/users\/1763"}],"replies":[{"embeddable":true,"href":"https:\/\/linitiative.ca\/International\/wp-json\/wp\/v2\/comments?post=129403"}],"version-history":[{"count":0,"href":"https:\/\/linitiative.ca\/International\/wp-json\/wp\/v2\/posts\/129403\/revisions"}],"wp:attachment":[{"href":"https:\/\/linitiative.ca\/International\/wp-json\/wp\/v2\/media?parent=129403"}],"wp:term":[{"taxonomy":"category","embeddable":true,"href":"https:\/\/linitiative.ca\/International\/wp-json\/wp\/v2\/categories?post=129403"},{"taxonomy":"post_tag","embeddable":true,"href":"https:\/\/linitiative.ca\/International\/wp-json\/wp\/v2\/tags?post=129403"}],"curies":[{"name":"wp","href":"https:\/\/api.w.org\/{rel}","templated":true}]}}