{"id":129407,"date":"2021-10-08T10:16:00","date_gmt":"2021-10-08T14:16:00","guid":{"rendered":"https:\/\/linitiative.ca\/International\/ligue-1-2021-2022-le-calendrier-de-la-competition\/"},"modified":"2021-10-08T10:16:00","modified_gmt":"2021-10-08T14:16:00","slug":"ligue-1-2021-2022-le-calendrier-de-la-competition","status":"publish","type":"post","link":"https:\/\/linitiative.ca\/International\/ligue-1-2021-2022-le-calendrier-de-la-competition\/","title":{"rendered":"Ligue 1 (2021-2022) : le calendrier de la comp\u00e9tition"},"content":{"rendered":"<div>Calendrier du championnat d&rsquo;Alg\u00e9rie de Ligue 1 pour la saison 2021-2022, d\u00e9voil\u00e9 jeudi par la Ligue de football professionnel (LFP)&#8230;<img loading=\"lazy\" decoding=\"async\" src=\"http:\/\/feeds.feedburner.com\/~r\/GalerieFArtciles\/~4\/5Y50YXF322g\" height=\"1\" width=\"1\" alt=\"\"><\/div>\n<p>Auteur:<br \/>\n<a href=\"http:\/\/www.lebuteur.com\/article\/detail?titre=ligue-1-2021-2022-le-calendrier-de-la-competition&#038;id=101268&#038;utm_source=feedburner&#038;utm_medium=feed&#038;utm_campaign=Feed%3A+GalerieFArtciles+%28Les+derniers+articles++-+lebuteur.com%29\">Cliquez ici pour lire l&rsquo;article depuis sa source.<\/a><\/p>\n","protected":false},"excerpt":{"rendered":"<p>Calendrier du championnat d&rsquo;Alg\u00e9rie de Ligue 1 pour la saison 2021-2022, d\u00e9voil\u00e9 jeudi par la Ligue de football professionnel (LFP)&#8230; Auteur: Cliquez ici pour lire l&rsquo;article depuis sa source.<\/p>\n","protected":false},"author":1738,"featured_media":0,"comment_status":"closed","ping_status":"closed","sticky":false,"template":"","format":"standard","meta":{"fifu_image_url":"http:\/\/feeds.feedburner.com\/~r\/GalerieFArtciles\/~4\/5Y50YXF322g","fifu_image_alt":"Ligue 1 (2021-2022) : le calendrier de la comp\u00e9tition","footnotes":""},"categories":[53,75],"tags":[],"class_list":["post-129407","post","type-post","status-publish","format-standard","hentry","category-algerie","category-sport"],"_links":{"self":[{"href":"https:\/\/linitiative.ca\/International\/wp-json\/wp\/v2\/posts\/129407","targetHints":{"allow":["GET"]}}],"collection":[{"href":"https:\/\/linitiative.ca\/International\/wp-json\/wp\/v2\/posts"}],"about":[{"href":"https:\/\/linitiative.ca\/International\/wp-json\/wp\/v2\/types\/post"}],"author":[{"embeddable":true,"href":"https:\/\/linitiative.ca\/International\/wp-json\/wp\/v2\/users\/1738"}],"replies":[{"embeddable":true,"href":"https:\/\/linitiative.ca\/International\/wp-json\/wp\/v2\/comments?post=129407"}],"version-history":[{"count":0,"href":"https:\/\/linitiative.ca\/International\/wp-json\/wp\/v2\/posts\/129407\/revisions"}],"wp:attachment":[{"href":"https:\/\/linitiative.ca\/International\/wp-json\/wp\/v2\/media?parent=129407"}],"wp:term":[{"taxonomy":"category","embeddable":true,"href":"https:\/\/linitiative.ca\/International\/wp-json\/wp\/v2\/categories?post=129407"},{"taxonomy":"post_tag","embeddable":true,"href":"https:\/\/linitiative.ca\/International\/wp-json\/wp\/v2\/tags?post=129407"}],"curies":[{"name":"wp","href":"https:\/\/api.w.org\/{rel}","templated":true}]}}